{"id":285,"date":"2025-03-04T02:12:42","date_gmt":"2025-03-04T01:12:42","guid":{"rendered":"https:\/\/migracion.ffmm.mil.py\/armadaparaguaya\/?p=285"},"modified":"2025-07-10T19:24:05","modified_gmt":"2025-07-10T17:24:05","slug":"apertura-del-ano-academico-de-la-efsoa","status":"publish","type":"post","link":"https:\/\/ffmm.mil.py\/armadaparaguaya\/2025\/03\/04\/apertura-del-ano-academico-de-la-efsoa\/","title":{"rendered":"APERTURA DEL A\u00d1O ACAD\u00c9MICO DE LA EFSOA"},"content":{"rendered":"\n<p class=\"fs-5\">APERTURA DEL A\u00d1O ACAD\u00c9MICO DE LA EFSOA.<\/p>\n\n\n\n<p class=\"fs-5\">Se realiz\u00f3 la Ceremonia de Apertura del A\u00f1o Acad\u00e9mico 2025 de la Escuela de Formaci\u00f3n de Sub Oficiales de la Armada.<\/p>\n\n\n\n<p class=\"fs-5\">Esta Ceremonia tuvo lugar en la Escuela de Formaci\u00f3n de Sub Oficiales de la Armada (EFSOA), fue presidida por el Se\u00f1or Comandante del Comando de Institutos Navales de Ense\u00f1anza Calte Albino Bogar\u00edn Flor.<\/p>\n\n\n\n<p class=\"fs-5\">Estuvieron presentes adem\u00e1s, los Se\u00f1ores Comandantes, Directores y Jefes de Departamento de las Escuelas Componentes del Comando de Instituto Navales de Ense\u00f1anza, Se\u00f1ores Oficiales Superiores y Subalternos, Sub Oficial de Comando del CINAE, Sub Oficiales, Instructores y Cuerpo de Grumetes.<\/p>\n\n\n\n<div class=\"wp-block-group is-nowrap is-layout-flex wp-container-core-group-is-layout-6c531013 wp-block-group-is-layout-flex\">\n<figure class=\"wp-block-image size-full\"><img decoding=\"async\" width=\"150\" height=\"150\" src=\"https:\/\/cimefor.mil.py\/armadaparaguaya\/wp-content\/uploads\/sites\/6\/2025\/07\/481764374_18305254393231278_2037427150730453487_n-150x150-1.jpg\" alt=\"\" class=\"wp-image-286\"\/><\/figure>\n\n\n\n<figure class=\"wp-block-image size-full\"><img decoding=\"async\" width=\"150\" height=\"150\" src=\"https:\/\/cimefor.mil.py\/armadaparaguaya\/wp-content\/uploads\/sites\/6\/2025\/07\/482216608_18305254375231278_3676527497650860033_n-150x150-1.jpg\" alt=\"\" class=\"wp-image-287\"\/><\/figure>\n\n\n\n<figure class=\"wp-block-image size-full\"><img decoding=\"async\" width=\"150\" height=\"150\" src=\"https:\/\/cimefor.mil.py\/armadaparaguaya\/wp-content\/uploads\/sites\/6\/2025\/07\/482499968_18305254366231278_4277862844940885602_n-150x150-1.jpg\" alt=\"\" class=\"wp-image-288\"\/><\/figure>\n\n\n\n<figure class=\"wp-block-image size-full\"><img loading=\"lazy\" decoding=\"async\" width=\"150\" height=\"150\" src=\"https:\/\/cimefor.mil.py\/armadaparaguaya\/wp-content\/uploads\/sites\/6\/2025\/07\/482802801_18305254411231278_6855376986319455029_n-150x150-1.jpg\" alt=\"\" class=\"wp-image-289\"\/><\/figure>\n<\/div>\n\n\n\n<div class=\"wp-block-group mt-3 is-nowrap is-layout-flex wp-container-core-group-is-layout-6c531013 wp-block-group-is-layout-flex\">\n<figure class=\"wp-block-image size-full\"><img loading=\"lazy\" decoding=\"async\" width=\"150\" height=\"150\" src=\"https:\/\/cimefor.mil.py\/armadaparaguaya\/wp-content\/uploads\/sites\/6\/2025\/07\/482874477_18305254384231278_7050633044892424419_n-150x150-1.jpg\" alt=\"\" class=\"wp-image-290\"\/><\/figure>\n<\/div>\n\n\n\n<p><\/p>\n","protected":false},"excerpt":{"rendered":"<p>APERTURA DEL A\u00d1O ACAD\u00c9MICO DE LA EFSOA. Se realiz\u00f3 la Ceremonia de Apertura del A\u00f1o Acad\u00e9mico 2025 de la Escuela de Formaci\u00f3n de Sub Oficiales de la Armada. Esta Ceremonia tuvo lugar en la Escuela de Formaci\u00f3n de Sub Oficiales de la Armada (EFSOA), fue presidida por el Se\u00f1or Comandante del Comando de Institutos Navales [&hellip;]<\/p>\n","protected":false},"author":1,"featured_media":291,"comment_status":"closed","ping_status":"closed","sticky":false,"template":"","format":"standard","meta":{"footnotes":""},"categories":[1],"tags":[],"class_list":["post-285","post","type-post","status-publish","format-standard","has-post-thumbnail","hentry","category-sin-categoria"],"_links":{"self":[{"href":"https:\/\/ffmm.mil.py\/armadaparaguaya\/wp-json\/wp\/v2\/posts\/285","targetHints":{"allow":["GET"]}}],"collection":[{"href":"https:\/\/ffmm.mil.py\/armadaparaguaya\/wp-json\/wp\/v2\/posts"}],"about":[{"href":"https:\/\/ffmm.mil.py\/armadaparaguaya\/wp-json\/wp\/v2\/types\/post"}],"author":[{"embeddable":true,"href":"https:\/\/ffmm.mil.py\/armadaparaguaya\/wp-json\/wp\/v2\/users\/1"}],"replies":[{"embeddable":true,"href":"https:\/\/ffmm.mil.py\/armadaparaguaya\/wp-json\/wp\/v2\/comments?post=285"}],"version-history":[{"count":1,"href":"https:\/\/ffmm.mil.py\/armadaparaguaya\/wp-json\/wp\/v2\/posts\/285\/revisions"}],"predecessor-version":[{"id":292,"href":"https:\/\/ffmm.mil.py\/armadaparaguaya\/wp-json\/wp\/v2\/posts\/285\/revisions\/292"}],"wp:featuredmedia":[{"embeddable":true,"href":"https:\/\/ffmm.mil.py\/armadaparaguaya\/wp-json\/wp\/v2\/media\/291"}],"wp:attachment":[{"href":"https:\/\/ffmm.mil.py\/armadaparaguaya\/wp-json\/wp\/v2\/media?parent=285"}],"wp:term":[{"taxonomy":"category","embeddable":true,"href":"https:\/\/ffmm.mil.py\/armadaparaguaya\/wp-json\/wp\/v2\/categories?post=285"},{"taxonomy":"post_tag","embeddable":true,"href":"https:\/\/ffmm.mil.py\/armadaparaguaya\/wp-json\/wp\/v2\/tags?post=285"}],"curies":[{"name":"wp","href":"https:\/\/api.w.org\/{rel}","templated":true}]}}