{"id":293,"date":"2025-03-04T02:16:27","date_gmt":"2025-03-04T01:16:27","guid":{"rendered":"https:\/\/migracion.ffmm.mil.py\/armadaparaguaya\/?p=293"},"modified":"2025-07-10T19:23:53","modified_gmt":"2025-07-10T17:23:53","slug":"ceremonia-de-apertura-del-ano-academico-2025-en-el-cinae","status":"publish","type":"post","link":"https:\/\/ffmm.mil.py\/armadaparaguaya\/2025\/03\/04\/ceremonia-de-apertura-del-ano-academico-2025-en-el-cinae\/","title":{"rendered":"CEREMONIA DE APERTURA DEL A\u00d1O ACAD\u00c9MICO 2025 EN EL CINAE"},"content":{"rendered":"\n<p class=\"fs-5\">Se realiz\u00f3 la Ceremonia de Apertura del A\u00f1o Acad\u00e9mico 2025 en el Comando De Instituto Navales de Ense\u00f1anza, del Curso de Comando y Estado Mayor, Curso de Perfeccionamiento de Oficiales de la Armada ,Curso de Capacitaci\u00f3n para Guardiamarinas y el Curso de Perfeccionamiento de Sub Oficiales de la Armada.<\/p>\n\n\n\n<p class=\"fs-5\">Esta Ceremonia tuvo lugar en el patio de honor del Comando de Institutos Navales de Ense\u00f1anza (CINAE) y fue presidida por el Se\u00f1or Comandante Interino de la Armada Paraguaya, Valte Lucio Ben\u00edtez Escalante, acompa\u00f1ado del Se\u00f1or Comandate del Comando de Institutos Navales de Ense\u00f1anza, Calte Albino Bogarin Flor.<\/p>\n\n\n\n<p class=\"fs-5\">Estuvieron presentes adem\u00e1s, los Se\u00f1ores Comandantes, Directores y Jefes de Departamento de las Escuelas Componentes del Comando de Instituto Navales de Ense\u00f1anza, Se\u00f1ores Oficiales Superiores y Subalternos, Sub Oficiales de Comando de Grandes Unidades, Sub Oficiales e invitados especiales.<\/p>\n\n\n\n<div class=\"wp-block-group is-nowrap is-layout-flex wp-container-core-group-is-layout-6c531013 wp-block-group-is-layout-flex\">\n<figure class=\"wp-block-image size-full\"><img decoding=\"async\" width=\"150\" height=\"150\" src=\"https:\/\/cimefor.mil.py\/armadaparaguaya\/wp-content\/uploads\/sites\/6\/2025\/07\/482361800_18305270470231278_6976310942294800074_n-150x150-1.jpg\" alt=\"\" class=\"wp-image-294\"\/><\/figure>\n\n\n\n<figure class=\"wp-block-image size-full\"><img decoding=\"async\" width=\"150\" height=\"150\" src=\"https:\/\/cimefor.mil.py\/armadaparaguaya\/wp-content\/uploads\/sites\/6\/2025\/07\/482450994_18305270440231278_2387388814354702040_n-150x150-1.jpg\" alt=\"\" class=\"wp-image-295\"\/><\/figure>\n\n\n\n<figure class=\"wp-block-image size-full\"><img decoding=\"async\" width=\"150\" height=\"150\" src=\"https:\/\/cimefor.mil.py\/armadaparaguaya\/wp-content\/uploads\/sites\/6\/2025\/07\/482572259_18305270410231278_7842433034287768103_n-150x150-1.jpg\" alt=\"\" class=\"wp-image-296\"\/><\/figure>\n\n\n\n<figure class=\"wp-block-image size-full\"><img loading=\"lazy\" decoding=\"async\" width=\"150\" height=\"150\" src=\"https:\/\/cimefor.mil.py\/armadaparaguaya\/wp-content\/uploads\/sites\/6\/2025\/07\/482608946_18305270392231278_2156600725965101383_n-150x150-1.jpg\" alt=\"\" class=\"wp-image-297\"\/><\/figure>\n<\/div>\n\n\n\n<div class=\"wp-block-group mt-3 is-nowrap is-layout-flex wp-container-core-group-is-layout-6c531013 wp-block-group-is-layout-flex\">\n<figure class=\"wp-block-image size-full\"><img loading=\"lazy\" decoding=\"async\" width=\"150\" height=\"150\" src=\"https:\/\/cimefor.mil.py\/armadaparaguaya\/wp-content\/uploads\/sites\/6\/2025\/07\/482620584_18305270407231278_5246174050999967850_n-150x150-1.jpg\" alt=\"\" class=\"wp-image-298\"\/><\/figure>\n\n\n\n<figure class=\"wp-block-image size-full\"><img loading=\"lazy\" decoding=\"async\" width=\"150\" height=\"150\" src=\"https:\/\/cimefor.mil.py\/armadaparaguaya\/wp-content\/uploads\/sites\/6\/2025\/07\/482691558_18305270425231278_5401839129245030285_n-150x150-1.jpg\" alt=\"\" class=\"wp-image-299\"\/><\/figure>\n\n\n\n<figure class=\"wp-block-image size-full\"><img loading=\"lazy\" decoding=\"async\" width=\"150\" height=\"150\" src=\"https:\/\/cimefor.mil.py\/armadaparaguaya\/wp-content\/uploads\/sites\/6\/2025\/07\/482990429_18305270443231278_9200605503876459453_n-150x150-1.jpg\" alt=\"\" class=\"wp-image-300\"\/><\/figure>\n<\/div>\n","protected":false},"excerpt":{"rendered":"<p>Se realiz\u00f3 la Ceremonia de Apertura del A\u00f1o Acad\u00e9mico 2025 en el Comando De Instituto Navales de Ense\u00f1anza, del Curso de Comando y Estado Mayor, Curso de Perfeccionamiento de Oficiales de la Armada ,Curso de Capacitaci\u00f3n para Guardiamarinas y el Curso de Perfeccionamiento de Sub Oficiales de la Armada. Esta Ceremonia tuvo lugar en el [&hellip;]<\/p>\n","protected":false},"author":1,"featured_media":301,"comment_status":"closed","ping_status":"closed","sticky":false,"template":"","format":"standard","meta":{"footnotes":""},"categories":[1],"tags":[],"class_list":["post-293","post","type-post","status-publish","format-standard","has-post-thumbnail","hentry","category-sin-categoria"],"_links":{"self":[{"href":"https:\/\/ffmm.mil.py\/armadaparaguaya\/wp-json\/wp\/v2\/posts\/293","targetHints":{"allow":["GET"]}}],"collection":[{"href":"https:\/\/ffmm.mil.py\/armadaparaguaya\/wp-json\/wp\/v2\/posts"}],"about":[{"href":"https:\/\/ffmm.mil.py\/armadaparaguaya\/wp-json\/wp\/v2\/types\/post"}],"author":[{"embeddable":true,"href":"https:\/\/ffmm.mil.py\/armadaparaguaya\/wp-json\/wp\/v2\/users\/1"}],"replies":[{"embeddable":true,"href":"https:\/\/ffmm.mil.py\/armadaparaguaya\/wp-json\/wp\/v2\/comments?post=293"}],"version-history":[{"count":2,"href":"https:\/\/ffmm.mil.py\/armadaparaguaya\/wp-json\/wp\/v2\/posts\/293\/revisions"}],"predecessor-version":[{"id":303,"href":"https:\/\/ffmm.mil.py\/armadaparaguaya\/wp-json\/wp\/v2\/posts\/293\/revisions\/303"}],"wp:featuredmedia":[{"embeddable":true,"href":"https:\/\/ffmm.mil.py\/armadaparaguaya\/wp-json\/wp\/v2\/media\/301"}],"wp:attachment":[{"href":"https:\/\/ffmm.mil.py\/armadaparaguaya\/wp-json\/wp\/v2\/media?parent=293"}],"wp:term":[{"taxonomy":"category","embeddable":true,"href":"https:\/\/ffmm.mil.py\/armadaparaguaya\/wp-json\/wp\/v2\/categories?post=293"},{"taxonomy":"post_tag","embeddable":true,"href":"https:\/\/ffmm.mil.py\/armadaparaguaya\/wp-json\/wp\/v2\/tags?post=293"}],"curies":[{"name":"wp","href":"https:\/\/api.w.org\/{rel}","templated":true}]}}