{"id":304,"date":"2025-03-04T02:19:24","date_gmt":"2025-03-04T01:19:24","guid":{"rendered":"https:\/\/migracion.ffmm.mil.py\/armadaparaguaya\/?p=304"},"modified":"2025-07-10T19:23:38","modified_gmt":"2025-07-10T17:23:38","slug":"primera-navegacion-del-buque-hospital-de-la-armada-paraguaya-llevara-asistencia-medica-a-la-ciudad-de-alberdi","status":"publish","type":"post","link":"https:\/\/ffmm.mil.py\/armadaparaguaya\/2025\/03\/04\/primera-navegacion-del-buque-hospital-de-la-armada-paraguaya-llevara-asistencia-medica-a-la-ciudad-de-alberdi\/","title":{"rendered":"PRIMERA NAVEGACI\u00d3N DEL BUQUE HOSPITAL DE LA ARMADA PARAGUAYA LLEVAR\u00c1 ASISTENCIA M\u00c9DICA A LA CIUDAD DE ALBERDI"},"content":{"rendered":"\n<p class=\"fs-5\">El Buque Hospital \u00abCap N Ing Carlos Cubas\u00bb de la Armada Paraguaya tendr\u00e1 su primera navegaci\u00f3n comunitaria rumbo a Alberdi, donde realizar\u00e1 una extensa jornada m\u00e9dica gratuita para los pobladores de la zona y ciudades aleda\u00f1as del Departamento de \u00d1eembuc\u00fa.<\/p>\n\n\n\n<p class=\"fs-5\">La asistencia m\u00e9dica est\u00e1 prevista para el mi\u00e9rcoles 12 de marzo del corriente a\u00f1o, a bordo del Buque Hospital que atracar\u00e1 en el Pont\u00f3n de la ANNP de Alberdi y se desarrollar\u00e1 desde las 07:00 hasta las 18:00.<\/p>\n\n\n\n<p class=\"fs-5\">Las atenciones m\u00e9dicas habilitadas ese d\u00eda son; Cl\u00ednica m\u00e9dica, Pediatr\u00eda, Odontolog\u00eda, Oftalmolog\u00eda, Gineco-obstetricia, Neumolog\u00eda, Psiquiatr\u00eda, Dermatolog\u00eda y Traumatolog\u00eda.<\/p>\n\n\n\n<p class=\"fs-5\">Adem\u00e1s de las especialidades m\u00e9dicas mencionadas, durante la Jornada se realizar\u00e1 vacunaci\u00f3n (esquema regular infantil, Covid y fiebre amarilla), toma de presi\u00f3n, oximetr\u00eda, estudios de ecograf\u00eda y electrocardiograma.<\/p>\n\n\n\n<p class=\"fs-5\">En cuanto a an\u00e1lisis cl\u00ednicos estar\u00e1n habilitados: Test r\u00e1pido para HIV, Sifilys, Hepatitis B, Test para TORCH (embarazadas), Tipificaci\u00f3n, Secreci\u00f3n Vaginal, Orina simple, Examen parasitol\u00f3gico y Frotis de mucus fecal.<\/p>\n\n\n\n<p class=\"fs-5\">Los pobladores tambi\u00e9n podr\u00e1n acceder a medicamentos y anteojos con graduaciones, adem\u00e1s a los servicios de peluquer\u00eda y charlas de prevenci\u00f3n bucodental.<\/p>\n\n\n\n<p class=\"fs-5\">La gran jornada m\u00e9dica gratuita estar\u00e1 a cargo de Doctores especialistas de la Armada Paraguaya, con el apoyo de la Fundaci\u00f3n de m\u00e9dicos de la FCM-UNA Promo 83, Regiones Sanitarias del \u00c1rea Capital y de \u00d1eembuc\u00fa, quienes ofrecer\u00e1n los servicios m\u00e9dicos a toda la poblaci\u00f3n desde ni\u00f1os, mujeres, hombres y adultos mayores.<\/p>\n\n\n\n<p class=\"fs-5\">Esta iniciativa del Gobierno Nacional, se proyecta trasladar en otros puntos ribere\u00f1os sensibles de nuestro pa\u00eds.<\/p>\n\n\n\n<p class=\"fs-5\">El Buque Hospital zarpar\u00e1 el martes 11 de marzo a las 07:00 desde el Apostadero Sur, Sajonia.<\/p>\n","protected":false},"excerpt":{"rendered":"<p>El Buque Hospital \u00abCap N Ing Carlos Cubas\u00bb de la Armada Paraguaya tendr\u00e1 su primera navegaci\u00f3n comunitaria rumbo a Alberdi, donde realizar\u00e1 una extensa jornada m\u00e9dica gratuita para los pobladores de la zona y ciudades aleda\u00f1as del Departamento de \u00d1eembuc\u00fa. La asistencia m\u00e9dica est\u00e1 prevista para el mi\u00e9rcoles 12 de marzo del corriente a\u00f1o, a [&hellip;]<\/p>\n","protected":false},"author":1,"featured_media":306,"comment_status":"closed","ping_status":"closed","sticky":false,"template":"","format":"standard","meta":{"footnotes":""},"categories":[1],"tags":[],"class_list":["post-304","post","type-post","status-publish","format-standard","has-post-thumbnail","hentry","category-sin-categoria"],"_links":{"self":[{"href":"https:\/\/ffmm.mil.py\/armadaparaguaya\/wp-json\/wp\/v2\/posts\/304","targetHints":{"allow":["GET"]}}],"collection":[{"href":"https:\/\/ffmm.mil.py\/armadaparaguaya\/wp-json\/wp\/v2\/posts"}],"about":[{"href":"https:\/\/ffmm.mil.py\/armadaparaguaya\/wp-json\/wp\/v2\/types\/post"}],"author":[{"embeddable":true,"href":"https:\/\/ffmm.mil.py\/armadaparaguaya\/wp-json\/wp\/v2\/users\/1"}],"replies":[{"embeddable":true,"href":"https:\/\/ffmm.mil.py\/armadaparaguaya\/wp-json\/wp\/v2\/comments?post=304"}],"version-history":[{"count":1,"href":"https:\/\/ffmm.mil.py\/armadaparaguaya\/wp-json\/wp\/v2\/posts\/304\/revisions"}],"predecessor-version":[{"id":307,"href":"https:\/\/ffmm.mil.py\/armadaparaguaya\/wp-json\/wp\/v2\/posts\/304\/revisions\/307"}],"wp:featuredmedia":[{"embeddable":true,"href":"https:\/\/ffmm.mil.py\/armadaparaguaya\/wp-json\/wp\/v2\/media\/306"}],"wp:attachment":[{"href":"https:\/\/ffmm.mil.py\/armadaparaguaya\/wp-json\/wp\/v2\/media?parent=304"}],"wp:term":[{"taxonomy":"category","embeddable":true,"href":"https:\/\/ffmm.mil.py\/armadaparaguaya\/wp-json\/wp\/v2\/categories?post=304"},{"taxonomy":"post_tag","embeddable":true,"href":"https:\/\/ffmm.mil.py\/armadaparaguaya\/wp-json\/wp\/v2\/tags?post=304"}],"curies":[{"name":"wp","href":"https:\/\/api.w.org\/{rel}","templated":true}]}}