{"id":308,"date":"2025-03-11T02:22:46","date_gmt":"2025-03-11T01:22:46","guid":{"rendered":"https:\/\/migracion.ffmm.mil.py\/armadaparaguaya\/?p=308"},"modified":"2025-07-10T19:23:27","modified_gmt":"2025-07-10T17:23:27","slug":"zarpada-del-buque-hospital-rumbo-a-la-ciudad-de-alberdi","status":"publish","type":"post","link":"https:\/\/ffmm.mil.py\/armadaparaguaya\/2025\/03\/11\/zarpada-del-buque-hospital-rumbo-a-la-ciudad-de-alberdi\/","title":{"rendered":"ZARPADA DEL BUQUE HOSPITAL RUMBO A LA CIUDAD DE ALBERDI"},"content":{"rendered":"\n<p class=\"fs-5\">Esta ma\u00f1ana, a las 7:00, el Buque Hospital de la Armada Paraguaya zarp\u00f3 rumbo a la Ciudad de Alberdi llevando a bordo m\u00e9dicos, insumos y equipamiento para la Jornada m\u00e9dica gratuita que estar\u00e1 disponible ma\u00f1ana para pobladores de \u00d1eembuc\u00fa.<\/p>\n\n\n\n<p class=\"fs-5\">El Comandante de la Armada Paraguaya, Vicealmirante Lucio Ben\u00edtez despidi\u00f3 a la tripulaci\u00f3n del Buque Hospital, que se estima llegar\u00e1 a Alberdi hoy alrededor de las 17:00.<\/p>\n\n\n\n<p class=\"fs-5\">La Gran Jornada M\u00e9dica arrancar\u00e1 a las 07:00 y se extender\u00e1 hasta las 18:00, ofreciendo distintas especialidades medicas, medicamentos y anteojos con graduaci\u00f3n a los pobladores.<\/p>\n\n\n\n<div class=\"wp-block-group is-nowrap is-layout-flex wp-container-core-group-is-layout-6c531013 wp-block-group-is-layout-flex\">\n<figure class=\"wp-block-image size-full\"><img decoding=\"async\" width=\"150\" height=\"150\" src=\"https:\/\/cimefor.mil.py\/armadaparaguaya\/wp-content\/uploads\/sites\/6\/2025\/07\/482262680_641467311922622_4722759524708645793_n-150x150-1.jpg\" alt=\"\" class=\"wp-image-309\"\/><\/figure>\n\n\n\n<figure class=\"wp-block-image size-full\"><img decoding=\"async\" width=\"150\" height=\"150\" src=\"https:\/\/cimefor.mil.py\/armadaparaguaya\/wp-content\/uploads\/sites\/6\/2025\/07\/483488447_641467341922619_8052526714966547834_n-150x150-1.jpg\" alt=\"\" class=\"wp-image-310\"\/><\/figure>\n\n\n\n<figure class=\"wp-block-image size-full\"><img decoding=\"async\" width=\"150\" height=\"150\" src=\"https:\/\/cimefor.mil.py\/armadaparaguaya\/wp-content\/uploads\/sites\/6\/2025\/07\/483530796_641467381922615_7863491393097434105_n-150x150-1.jpg\" alt=\"\" class=\"wp-image-311\"\/><\/figure>\n\n\n\n<figure class=\"wp-block-image size-full\"><img loading=\"lazy\" decoding=\"async\" width=\"150\" height=\"150\" src=\"https:\/\/cimefor.mil.py\/armadaparaguaya\/wp-content\/uploads\/sites\/6\/2025\/07\/483935100_641478658588154_202415420802327162_n-150x150-1.jpg\" alt=\"\" class=\"wp-image-312\"\/><\/figure>\n<\/div>\n\n\n\n<div class=\"wp-block-group mt-3 is-nowrap is-layout-flex wp-container-core-group-is-layout-6c531013 wp-block-group-is-layout-flex\">\n<figure class=\"wp-block-image size-full\"><img loading=\"lazy\" decoding=\"async\" width=\"150\" height=\"150\" src=\"https:\/\/cimefor.mil.py\/armadaparaguaya\/wp-content\/uploads\/sites\/6\/2025\/07\/484123418_641467455255941_2249344606248477411_n-150x150-1.jpg\" alt=\"\" class=\"wp-image-313\"\/><\/figure>\n\n\n\n<figure class=\"wp-block-image size-full\"><img loading=\"lazy\" decoding=\"async\" width=\"150\" height=\"150\" src=\"https:\/\/cimefor.mil.py\/armadaparaguaya\/wp-content\/uploads\/sites\/6\/2025\/07\/484171894_641478685254818_6399614270776463302_n-150x150-1.jpg\" alt=\"\" class=\"wp-image-314\"\/><\/figure>\n<\/div>\n\n\n\n<p><\/p>\n","protected":false},"excerpt":{"rendered":"<p>Esta ma\u00f1ana, a las 7:00, el Buque Hospital de la Armada Paraguaya zarp\u00f3 rumbo a la Ciudad de Alberdi llevando a bordo m\u00e9dicos, insumos y equipamiento para la Jornada m\u00e9dica gratuita que estar\u00e1 disponible ma\u00f1ana para pobladores de \u00d1eembuc\u00fa. El Comandante de la Armada Paraguaya, Vicealmirante Lucio Ben\u00edtez despidi\u00f3 a la tripulaci\u00f3n del Buque Hospital, [&hellip;]<\/p>\n","protected":false},"author":1,"featured_media":315,"comment_status":"closed","ping_status":"closed","sticky":false,"template":"","format":"standard","meta":{"footnotes":""},"categories":[1],"tags":[],"class_list":["post-308","post","type-post","status-publish","format-standard","has-post-thumbnail","hentry","category-sin-categoria"],"_links":{"self":[{"href":"https:\/\/ffmm.mil.py\/armadaparaguaya\/wp-json\/wp\/v2\/posts\/308","targetHints":{"allow":["GET"]}}],"collection":[{"href":"https:\/\/ffmm.mil.py\/armadaparaguaya\/wp-json\/wp\/v2\/posts"}],"about":[{"href":"https:\/\/ffmm.mil.py\/armadaparaguaya\/wp-json\/wp\/v2\/types\/post"}],"author":[{"embeddable":true,"href":"https:\/\/ffmm.mil.py\/armadaparaguaya\/wp-json\/wp\/v2\/users\/1"}],"replies":[{"embeddable":true,"href":"https:\/\/ffmm.mil.py\/armadaparaguaya\/wp-json\/wp\/v2\/comments?post=308"}],"version-history":[{"count":1,"href":"https:\/\/ffmm.mil.py\/armadaparaguaya\/wp-json\/wp\/v2\/posts\/308\/revisions"}],"predecessor-version":[{"id":316,"href":"https:\/\/ffmm.mil.py\/armadaparaguaya\/wp-json\/wp\/v2\/posts\/308\/revisions\/316"}],"wp:featuredmedia":[{"embeddable":true,"href":"https:\/\/ffmm.mil.py\/armadaparaguaya\/wp-json\/wp\/v2\/media\/315"}],"wp:attachment":[{"href":"https:\/\/ffmm.mil.py\/armadaparaguaya\/wp-json\/wp\/v2\/media?parent=308"}],"wp:term":[{"taxonomy":"category","embeddable":true,"href":"https:\/\/ffmm.mil.py\/armadaparaguaya\/wp-json\/wp\/v2\/categories?post=308"},{"taxonomy":"post_tag","embeddable":true,"href":"https:\/\/ffmm.mil.py\/armadaparaguaya\/wp-json\/wp\/v2\/tags?post=308"}],"curies":[{"name":"wp","href":"https:\/\/api.w.org\/{rel}","templated":true}]}}