{"id":322,"date":"2025-03-18T02:28:29","date_gmt":"2025-03-18T01:28:29","guid":{"rendered":"https:\/\/migracion.ffmm.mil.py\/armadaparaguaya\/?p=322"},"modified":"2025-07-10T19:22:57","modified_gmt":"2025-07-10T17:22:57","slug":"jefe-de-estado-mayor-participo-del-ix-congreso-internacional-de-diseno-e-ingenieria-naval-cidin","status":"publish","type":"post","link":"https:\/\/ffmm.mil.py\/armadaparaguaya\/2025\/03\/18\/jefe-de-estado-mayor-participo-del-ix-congreso-internacional-de-diseno-e-ingenieria-naval-cidin\/","title":{"rendered":"JEFE DE ESTADO MAYOR PARTICIP\u00d3 DEL \u00abIX CONGRESO INTERNACIONAL DE DISE\u00d1O E INGENIER\u00cdA NAVAL \u2013 CIDIN\u00bb"},"content":{"rendered":"\n<p class=\"fs-5\">El Vicealmirante Christian Rotela, Jefe de Estado Mayor de la Armada Paraguaya particip\u00f3 del Congreso Internacional de Dise\u00f1o e Ingenier\u00eda Naval, la Feria COLOMBIAMAR, en la Ciudad de Cartagena de Indias, Colombia.<\/p>\n\n\n\n<p class=\"fs-5\"><br>El evento es un espacio creado para promover el desarrollo de la industria naval, mar\u00edtima y fluvial, desde escenarios de orden acad\u00e9mico, cient\u00edfico, tecnol\u00f3gico y comercial, para que la industria y sus empresas puedan compartir experiencias y conocimientos en innovaci\u00f3n con avances y desarrollos tecnol\u00f3gicos propios del sector, y a su vez crear y fortalecer nexos comerciales de proyecci\u00f3n internacional.<\/p>\n\n\n\n<div class=\"wp-block-group is-nowrap is-layout-flex wp-container-core-group-is-layout-6c531013 wp-block-group-is-layout-flex\">\n<figure class=\"wp-block-image size-full\"><img decoding=\"async\" width=\"150\" height=\"150\" src=\"https:\/\/cimefor.mil.py\/armadaparaguaya\/wp-content\/uploads\/sites\/6\/2025\/07\/484408881_18306864802231278_6996425286453754031_n-150x150-1.jpg\" alt=\"\" class=\"wp-image-323\"\/><\/figure>\n\n\n\n<figure class=\"wp-block-image size-full\"><img decoding=\"async\" width=\"150\" height=\"150\" src=\"https:\/\/cimefor.mil.py\/armadaparaguaya\/wp-content\/uploads\/sites\/6\/2025\/07\/484623299_18306864742231278_2904530577762078015_n-150x150-1.jpg\" alt=\"\" class=\"wp-image-324\"\/><\/figure>\n\n\n\n<figure class=\"wp-block-image size-full\"><img decoding=\"async\" width=\"150\" height=\"150\" src=\"https:\/\/cimefor.mil.py\/armadaparaguaya\/wp-content\/uploads\/sites\/6\/2025\/07\/484748396_18306864745231278_5710027990806101768_n-150x150-1.jpg\" alt=\"\" class=\"wp-image-325\"\/><\/figure>\n\n\n\n<figure class=\"wp-block-image size-full\"><img loading=\"lazy\" decoding=\"async\" width=\"150\" height=\"150\" src=\"https:\/\/cimefor.mil.py\/armadaparaguaya\/wp-content\/uploads\/sites\/6\/2025\/07\/484800249_18306864820231278_1632106709719620116_n-150x150-1.jpg\" alt=\"\" class=\"wp-image-326\"\/><\/figure>\n<\/div>\n\n\n\n<div class=\"wp-block-group mt-3 is-nowrap is-layout-flex wp-container-core-group-is-layout-6c531013 wp-block-group-is-layout-flex\">\n<figure class=\"wp-block-image size-full\"><img loading=\"lazy\" decoding=\"async\" width=\"150\" height=\"150\" src=\"https:\/\/cimefor.mil.py\/armadaparaguaya\/wp-content\/uploads\/sites\/6\/2025\/07\/484805577_18306864754231278_6319931715611050359_n-150x150-1.jpg\" alt=\"\" class=\"wp-image-327\"\/><\/figure>\n\n\n\n<figure class=\"wp-block-image size-full\"><img loading=\"lazy\" decoding=\"async\" width=\"150\" height=\"150\" src=\"https:\/\/cimefor.mil.py\/armadaparaguaya\/wp-content\/uploads\/sites\/6\/2025\/07\/485017097_18306864772231278_2916658954537641351_n-150x150-1.jpg\" alt=\"\" class=\"wp-image-328\"\/><\/figure>\n<\/div>\n","protected":false},"excerpt":{"rendered":"<p>El Vicealmirante Christian Rotela, Jefe de Estado Mayor de la Armada Paraguaya particip\u00f3 del Congreso Internacional de Dise\u00f1o e Ingenier\u00eda Naval, la Feria COLOMBIAMAR, en la Ciudad de Cartagena de Indias, Colombia. El evento es un espacio creado para promover el desarrollo de la industria naval, mar\u00edtima y fluvial, desde escenarios de orden acad\u00e9mico, cient\u00edfico, [&hellip;]<\/p>\n","protected":false},"author":1,"featured_media":329,"comment_status":"closed","ping_status":"closed","sticky":false,"template":"","format":"standard","meta":{"footnotes":""},"categories":[1],"tags":[],"class_list":["post-322","post","type-post","status-publish","format-standard","has-post-thumbnail","hentry","category-sin-categoria"],"_links":{"self":[{"href":"https:\/\/ffmm.mil.py\/armadaparaguaya\/wp-json\/wp\/v2\/posts\/322","targetHints":{"allow":["GET"]}}],"collection":[{"href":"https:\/\/ffmm.mil.py\/armadaparaguaya\/wp-json\/wp\/v2\/posts"}],"about":[{"href":"https:\/\/ffmm.mil.py\/armadaparaguaya\/wp-json\/wp\/v2\/types\/post"}],"author":[{"embeddable":true,"href":"https:\/\/ffmm.mil.py\/armadaparaguaya\/wp-json\/wp\/v2\/users\/1"}],"replies":[{"embeddable":true,"href":"https:\/\/ffmm.mil.py\/armadaparaguaya\/wp-json\/wp\/v2\/comments?post=322"}],"version-history":[{"count":1,"href":"https:\/\/ffmm.mil.py\/armadaparaguaya\/wp-json\/wp\/v2\/posts\/322\/revisions"}],"predecessor-version":[{"id":330,"href":"https:\/\/ffmm.mil.py\/armadaparaguaya\/wp-json\/wp\/v2\/posts\/322\/revisions\/330"}],"wp:featuredmedia":[{"embeddable":true,"href":"https:\/\/ffmm.mil.py\/armadaparaguaya\/wp-json\/wp\/v2\/media\/329"}],"wp:attachment":[{"href":"https:\/\/ffmm.mil.py\/armadaparaguaya\/wp-json\/wp\/v2\/media?parent=322"}],"wp:term":[{"taxonomy":"category","embeddable":true,"href":"https:\/\/ffmm.mil.py\/armadaparaguaya\/wp-json\/wp\/v2\/categories?post=322"},{"taxonomy":"post_tag","embeddable":true,"href":"https:\/\/ffmm.mil.py\/armadaparaguaya\/wp-json\/wp\/v2\/tags?post=322"}],"curies":[{"name":"wp","href":"https:\/\/api.w.org\/{rel}","templated":true}]}}