{"id":489,"date":"2025-07-07T19:12:00","date_gmt":"2025-07-07T17:12:00","guid":{"rendered":"https:\/\/migracion.ffmm.mil.py\/armadaparaguaya\/?p=489"},"modified":"2025-07-10T19:18:37","modified_gmt":"2025-07-10T17:18:37","slug":"inauguracion-oficial-del-destacamento-naval-y-de-prefectura-de-san-carlos-del-apa","status":"publish","type":"post","link":"https:\/\/ffmm.mil.py\/armadaparaguaya\/2025\/07\/07\/inauguracion-oficial-del-destacamento-naval-y-de-prefectura-de-san-carlos-del-apa\/","title":{"rendered":"INAUGURACI\u00d3N OFICIAL DEL DESTACAMENTO NAVAL Y DE PREFECTURA DE SAN CARLOS DEL APA"},"content":{"rendered":"\n<p class=\"fs-5\">El Ministerio de Defensa Nacional, el Comando de la Fuerzas Militares y la Armada Paraguaya han realizado importantes inversiones f\u00edsicas con las cuales reafirman su compromiso de fortalecer la defensa nacional e incrementar los controles en los diferentes puntos ribere\u00f1os del pa\u00eds en el marco de la lucha frontal contra las amenazas transnacionales, el crimen organizado y delitos conexos.<\/p>\n\n\n\n<p class=\"fs-5\">En ese contexto, se llev\u00f3 a cabo la inauguraci\u00f3n del Destacamento Naval y de Prefectura \u00abSan Carlos del APA\u00bb dependiente del Batall\u00f3n de Infanter\u00eda de Marina N\u00b0 2 \u00abCap F (Rva) L\u00e1zaro Aranda\u201d en el Departamento de Concepcion, sobre el R\u00edo Apa en proximidades del Municipio del San Carlos del Apa.<\/p>\n\n\n\n<p class=\"fs-5\">El acto fue presidido por el Se\u00f1or Comandante de la Armada Paraguaya, Vicealmirante Lucio Ben\u00edtez Escalante acompa\u00f1ado de autoridades Institucionales, Se\u00f1ores Oficiales Superiores, Subalternos y Suboficiales.<\/p>\n\n\n\n<div class=\"wp-block-group is-nowrap is-layout-flex wp-container-core-group-is-layout-6c531013 wp-block-group-is-layout-flex\">\n<figure class=\"wp-block-image size-full\"><img decoding=\"async\" width=\"150\" height=\"150\" src=\"https:\/\/cimefor.mil.py\/armadaparaguaya\/wp-content\/uploads\/sites\/6\/2025\/07\/515940387_729380969797922_8562901145898227949_n-150x150-1.jpg\" alt=\"\" class=\"wp-image-490\"\/><\/figure>\n\n\n\n<figure class=\"wp-block-image size-full\"><img decoding=\"async\" width=\"150\" height=\"150\" src=\"https:\/\/cimefor.mil.py\/armadaparaguaya\/wp-content\/uploads\/sites\/6\/2025\/07\/515979520_729380966464589_2603314250941124966_n-150x150-1.jpg\" alt=\"\" class=\"wp-image-491\"\/><\/figure>\n\n\n\n<figure class=\"wp-block-image size-full\"><img decoding=\"async\" width=\"150\" height=\"150\" src=\"https:\/\/cimefor.mil.py\/armadaparaguaya\/wp-content\/uploads\/sites\/6\/2025\/07\/516194486_729380976464588_2268709754112757038_n-150x150-1.jpg\" alt=\"\" class=\"wp-image-492\"\/><\/figure>\n\n\n\n<figure class=\"wp-block-image size-full\"><img loading=\"lazy\" decoding=\"async\" width=\"150\" height=\"150\" src=\"https:\/\/cimefor.mil.py\/armadaparaguaya\/wp-content\/uploads\/sites\/6\/2025\/07\/516522128_729380979797921_8616063113968692280_n-150x150-1.jpg\" alt=\"\" class=\"wp-image-493\"\/><\/figure>\n<\/div>\n\n\n\n<div class=\"wp-block-group mt-3 is-nowrap is-layout-flex wp-container-core-group-is-layout-6c531013 wp-block-group-is-layout-flex\">\n<figure class=\"wp-block-image size-full\"><img loading=\"lazy\" decoding=\"async\" width=\"150\" height=\"150\" src=\"https:\/\/cimefor.mil.py\/armadaparaguaya\/wp-content\/uploads\/sites\/6\/2025\/07\/516881306_729380973131255_5891825123452425302_n-150x150-1.jpg\" alt=\"\" class=\"wp-image-494\"\/><\/figure>\n<\/div>\n","protected":false},"excerpt":{"rendered":"<p>El Ministerio de Defensa Nacional, el Comando de la Fuerzas Militares y la Armada Paraguaya han realizado importantes inversiones f\u00edsicas con las cuales reafirman su compromiso de fortalecer la defensa nacional e incrementar los controles en los diferentes puntos ribere\u00f1os del pa\u00eds en el marco de la lucha frontal contra las amenazas transnacionales, el crimen [&hellip;]<\/p>\n","protected":false},"author":1,"featured_media":495,"comment_status":"closed","ping_status":"closed","sticky":false,"template":"","format":"standard","meta":{"footnotes":""},"categories":[1],"tags":[],"class_list":["post-489","post","type-post","status-publish","format-standard","has-post-thumbnail","hentry","category-sin-categoria"],"_links":{"self":[{"href":"https:\/\/ffmm.mil.py\/armadaparaguaya\/wp-json\/wp\/v2\/posts\/489","targetHints":{"allow":["GET"]}}],"collection":[{"href":"https:\/\/ffmm.mil.py\/armadaparaguaya\/wp-json\/wp\/v2\/posts"}],"about":[{"href":"https:\/\/ffmm.mil.py\/armadaparaguaya\/wp-json\/wp\/v2\/types\/post"}],"author":[{"embeddable":true,"href":"https:\/\/ffmm.mil.py\/armadaparaguaya\/wp-json\/wp\/v2\/users\/1"}],"replies":[{"embeddable":true,"href":"https:\/\/ffmm.mil.py\/armadaparaguaya\/wp-json\/wp\/v2\/comments?post=489"}],"version-history":[{"count":1,"href":"https:\/\/ffmm.mil.py\/armadaparaguaya\/wp-json\/wp\/v2\/posts\/489\/revisions"}],"predecessor-version":[{"id":496,"href":"https:\/\/ffmm.mil.py\/armadaparaguaya\/wp-json\/wp\/v2\/posts\/489\/revisions\/496"}],"wp:featuredmedia":[{"embeddable":true,"href":"https:\/\/ffmm.mil.py\/armadaparaguaya\/wp-json\/wp\/v2\/media\/495"}],"wp:attachment":[{"href":"https:\/\/ffmm.mil.py\/armadaparaguaya\/wp-json\/wp\/v2\/media?parent=489"}],"wp:term":[{"taxonomy":"category","embeddable":true,"href":"https:\/\/ffmm.mil.py\/armadaparaguaya\/wp-json\/wp\/v2\/categories?post=489"},{"taxonomy":"post_tag","embeddable":true,"href":"https:\/\/ffmm.mil.py\/armadaparaguaya\/wp-json\/wp\/v2\/tags?post=489"}],"curies":[{"name":"wp","href":"https:\/\/api.w.org\/{rel}","templated":true}]}}