{"id":10,"date":"2025-07-09T20:24:08","date_gmt":"2025-07-09T18:24:08","guid":{"rendered":"https:\/\/migracion.ffmm.mil.py\/ejercito\/?p=10"},"modified":"2025-07-15T20:27:28","modified_gmt":"2025-07-15T18:27:28","slug":"%f0%9d%90%83%f0%9d%90%88%f0%9d%90%80-%f0%9d%90%83%f0%9d%90%84-%f0%9d%90%8b%f0%9d%90%80-%f0%9d%90%80%f0%9d%90%91%f0%9d%90%93%f0%9d%90%88%f0%9d%90%8b%f0%9d%90%8b%f0%9d%90%84%f0%9d%90%91%f0%9d%90%88","status":"publish","type":"post","link":"https:\/\/ffmm.mil.py\/ejercito\/2025\/07\/09\/%f0%9d%90%83%f0%9d%90%88%f0%9d%90%80-%f0%9d%90%83%f0%9d%90%84-%f0%9d%90%8b%f0%9d%90%80-%f0%9d%90%80%f0%9d%90%91%f0%9d%90%93%f0%9d%90%88%f0%9d%90%8b%f0%9d%90%8b%f0%9d%90%84%f0%9d%90%91%f0%9d%90%88\/","title":{"rendered":"\ud835\udc03\ud835\udc08\ud835\udc00 \ud835\udc03\ud835\udc04 \ud835\udc0b\ud835\udc00 \ud835\udc00\ud835\udc11\ud835\udc13\ud835\udc08\ud835\udc0b\ud835\udc0b\ud835\udc04\ud835\udc11\ud835\udc08\ud835\udc00 \ud835\udc0f\ud835\udc00\ud835\udc11\ud835\udc00\ud835\udc06\ud835\udc14\ud835\udc00\ud835\udc18\ud835\udc00"},"content":{"rendered":"\n<p>En el Comando de Artiller\u00eda del Ej\u00e9rcito, se celebr\u00f3 la ceremonia conmemorativa del D\u00eda de la Artiller\u00eda Paraguaya, la ceremonia fue presidida por el Se\u00f1or Ministro de Defensa Nacional Gral Ej (R) \u00d3scar Gonz\u00e1lez, acompa\u00f1ado del Se\u00f1or Comandante de Fuerzas Militares, Gral Ej C\u00e9sar Moreno, el Se\u00f1or Comandante del Ej\u00e9rcito, Gral Ej Manuel Rodr\u00edguez, as\u00ed tambi\u00e9n del Se\u00f1or Comandante de COMARTE, Gral Brig Nilson Gaona y autoridades militares como locales e invitados especiales.<\/p>\n\n\n\n<p>Este acto destac\u00f3 la importancia hist\u00f3rica y estrat\u00e9gica de la Artiller\u00eda en la defensa de la soberan\u00eda nacional, reconociendo su constante preparaci\u00f3n y profesionalismo.<\/p>\n\n\n\n<p>Como cierre de la ceremonia, se entregaron distinciones y condecoraciones a los miembros destacados del COMARTE, quienes han demostrado un alto grado de profesionalismo y dedicaci\u00f3n. Este homenaje refuerza el esp\u00edritu de unidad y compa\u00f1erismo dentro del Ej\u00e9rcito Paraguayo, subrayando la importancia de la Artiller\u00eda como una de las principales fuerzas en la defensa del pa\u00eds.<\/p>\n\n\n\n<p><a href=\"https:\/\/www.facebook.com\/hashtag\/ej%C3%A9rcitoparaguayo?__eep__=6&amp;__cft__[0]=AZWmjVs_I1NWILfKiQWvQEnIjLfFt8h9fAXRT5XzWvvvUqs9hqVZus-4YYRVSS0DxfVleneDMaHu8U8zgRdmHqDTZC4EW5t5feVPZ7i5jO80TPDafoj4kgd5aw-EJEA1Hpv0dO0DYGUX70FB4tNd4dyoI16fM0mNc_n8UtAHqq4LV0EhYLquIYPyqEkSBEv7HcxbEnT2TkNZRT6Ld4rrt1Ln&amp;__tn__=*NK-R\">#Ej\u00e9rcitoParaguayo<\/a><\/p>\n\n\n\n<p><a href=\"https:\/\/www.facebook.com\/hashtag\/comprometidoconsupueblo?__eep__=6&amp;__cft__[0]=AZWmjVs_I1NWILfKiQWvQEnIjLfFt8h9fAXRT5XzWvvvUqs9hqVZus-4YYRVSS0DxfVleneDMaHu8U8zgRdmHqDTZC4EW5t5feVPZ7i5jO80TPDafoj4kgd5aw-EJEA1Hpv0dO0DYGUX70FB4tNd4dyoI16fM0mNc_n8UtAHqq4LV0EhYLquIYPyqEkSBEv7HcxbEnT2TkNZRT6Ld4rrt1Ln&amp;__tn__=*NK-R\">#ComprometidoConSuPueblo<\/a><\/p>\n\n\n\n<p><\/p>\n","protected":false},"excerpt":{"rendered":"<p>En el Comando de Artiller\u00eda del Ej\u00e9rcito, se celebr\u00f3 la ceremonia conmemorativa del D\u00eda de la Artiller\u00eda Paraguaya, la ceremonia fue presidida por el Se\u00f1or Ministro de Defensa Nacional Gral Ej (R) \u00d3scar Gonz\u00e1lez, acompa\u00f1ado del Se\u00f1or Comandante de Fuerzas Militares, Gral Ej C\u00e9sar Moreno, el Se\u00f1or Comandante del Ej\u00e9rcito, Gral Ej Manuel Rodr\u00edguez, as\u00ed [&hellip;]<\/p>\n","protected":false},"author":1,"featured_media":12,"comment_status":"closed","ping_status":"closed","sticky":false,"template":"","format":"standard","meta":{"footnotes":""},"categories":[2],"tags":[],"class_list":["post-10","post","type-post","status-publish","format-standard","has-post-thumbnail","hentry","category-noticias"],"_links":{"self":[{"href":"https:\/\/ffmm.mil.py\/ejercito\/wp-json\/wp\/v2\/posts\/10","targetHints":{"allow":["GET"]}}],"collection":[{"href":"https:\/\/ffmm.mil.py\/ejercito\/wp-json\/wp\/v2\/posts"}],"about":[{"href":"https:\/\/ffmm.mil.py\/ejercito\/wp-json\/wp\/v2\/types\/post"}],"author":[{"embeddable":true,"href":"https:\/\/ffmm.mil.py\/ejercito\/wp-json\/wp\/v2\/users\/1"}],"replies":[{"embeddable":true,"href":"https:\/\/ffmm.mil.py\/ejercito\/wp-json\/wp\/v2\/comments?post=10"}],"version-history":[{"count":1,"href":"https:\/\/ffmm.mil.py\/ejercito\/wp-json\/wp\/v2\/posts\/10\/revisions"}],"predecessor-version":[{"id":13,"href":"https:\/\/ffmm.mil.py\/ejercito\/wp-json\/wp\/v2\/posts\/10\/revisions\/13"}],"wp:featuredmedia":[{"embeddable":true,"href":"https:\/\/ffmm.mil.py\/ejercito\/wp-json\/wp\/v2\/media\/12"}],"wp:attachment":[{"href":"https:\/\/ffmm.mil.py\/ejercito\/wp-json\/wp\/v2\/media?parent=10"}],"wp:term":[{"taxonomy":"category","embeddable":true,"href":"https:\/\/ffmm.mil.py\/ejercito\/wp-json\/wp\/v2\/categories?post=10"},{"taxonomy":"post_tag","embeddable":true,"href":"https:\/\/ffmm.mil.py\/ejercito\/wp-json\/wp\/v2\/tags?post=10"}],"curies":[{"name":"wp","href":"https:\/\/api.w.org\/{rel}","templated":true}]}}