{"id":19,"date":"2025-07-09T20:26:33","date_gmt":"2025-07-09T18:26:33","guid":{"rendered":"https:\/\/migracion.ffmm.mil.py\/ejercito\/?p=19"},"modified":"2025-07-15T20:27:39","modified_gmt":"2025-07-15T18:27:39","slug":"%f0%9d%9f%90%f0%9d%9f%92%f0%9d%9f%97-%f0%9d%90%80%f0%9d%90%8d%f0%9d%90%88%f0%9d%90%95%f0%9d%90%84%f0%9d%90%91%f0%9d%90%92%f0%9d%90%80%f0%9d%90%91%f0%9d%90%88%f0%9d%90%8e-%f0%9d%90%83%f0%9d%90%84","status":"publish","type":"post","link":"https:\/\/ffmm.mil.py\/ejercito\/2025\/07\/09\/%f0%9d%9f%90%f0%9d%9f%92%f0%9d%9f%97-%f0%9d%90%80%f0%9d%90%8d%f0%9d%90%88%f0%9d%90%95%f0%9d%90%84%f0%9d%90%91%f0%9d%90%92%f0%9d%90%80%f0%9d%90%91%f0%9d%90%88%f0%9d%90%8e-%f0%9d%90%83%f0%9d%90%84\/","title":{"rendered":"\ud835\udfd0\ud835\udfd2\ud835\udfd7\u00b0 \ud835\udc00\ud835\udc0d\ud835\udc08\ud835\udc15\ud835\udc04\ud835\udc11\ud835\udc12\ud835\udc00\ud835\udc11\ud835\udc08\ud835\udc0e \ud835\udc03\ud835\udc04 \ud835\udc08\ud835\udc0d\ud835\udc03\ud835\udc04\ud835\udc0f\ud835\udc04\ud835\udc0d\ud835\udc03\ud835\udc04\ud835\udc0d\ud835\udc02\ud835\udc08\ud835\udc00 \ud835\udc03\ud835\udc04 \ud835\udc0b\ud835\udc0e\ud835\udc12 \ud835\udc04\ud835\udc12\ud835\udc13\ud835\udc00\ud835\udc03\ud835\udc0e\ud835\udc12 \ud835\udc14\ud835\udc0d\ud835\udc08\ud835\udc03\ud835\udc0e\ud835\udc12 \ud835\udc03\ud835\udc04 \ud835\udc00\ud835\udc0c\ud835\udc04\u0301\ud835\udc11\ud835\udc08\ud835\udc02\ud835\udc00"},"content":{"rendered":"\n<p>El Glorioso Ej\u00e9rcito Paraguayo expresa sus m\u00e1s sinceras felicitaciones al pueblo y al Gobierno estadounidense en conmemoraci\u00f3n al 249\u00b0 Aniversario de la Independencia de los Estados Unidos de Am\u00e9rica, resaltando los lazos de amistad y cooperaci\u00f3n que unen a ambas naciones en el compromiso compartido por la paz, la libertad y la defensa de los valores democr\u00e1ticos<\/p>\n\n\n\n<p><a href=\"https:\/\/www.facebook.com\/hashtag\/ej%C3%A9rcitoparaguayo?__eep__=6&amp;__cft__[0]=AZVmyEh_XsqkgMf0Ue-Nl2mj8pkIx-ffgvlIdL8qIf4rwwHE3rEekHnpF5fYnVDtWs_B42Yoj8A__TwXuO0eY79l6ACjcoN4zBKkwVMfwkYBoUmvHF647Hnwk8yzVoFZrBH7fjaXMg058jBtaudj2xnmFOHop4X_UeXxnjcD8jjW9xnzCjVoxt_zsKv_OP8FI-qjdtbGEO8tXbV6ja2H244d&amp;__tn__=*NK*F\">#Ej\u00e9rcitoParaguayo<\/a><br><a href=\"https:\/\/www.facebook.com\/hashtag\/comprometidoconsupueblo?__eep__=6&amp;__cft__[0]=AZVmyEh_XsqkgMf0Ue-Nl2mj8pkIx-ffgvlIdL8qIf4rwwHE3rEekHnpF5fYnVDtWs_B42Yoj8A__TwXuO0eY79l6ACjcoN4zBKkwVMfwkYBoUmvHF647Hnwk8yzVoFZrBH7fjaXMg058jBtaudj2xnmFOHop4X_UeXxnjcD8jjW9xnzCjVoxt_zsKv_OP8FI-qjdtbGEO8tXbV6ja2H244d&amp;__tn__=*NK*F\">#ComprometidoConSuPueblo<\/a><\/p>\n","protected":false},"excerpt":{"rendered":"<p>El Glorioso Ej\u00e9rcito Paraguayo expresa sus m\u00e1s sinceras felicitaciones al pueblo y al Gobierno estadounidense en conmemoraci\u00f3n al 249\u00b0 Aniversario de la Independencia de los Estados Unidos de Am\u00e9rica, resaltando los lazos de amistad y cooperaci\u00f3n que unen a ambas naciones en el compromiso compartido por la paz, la libertad y la defensa de los [&hellip;]<\/p>\n","protected":false},"author":1,"featured_media":21,"comment_status":"closed","ping_status":"closed","sticky":false,"template":"","format":"standard","meta":{"footnotes":""},"categories":[1],"tags":[],"class_list":["post-19","post","type-post","status-publish","format-standard","has-post-thumbnail","hentry","category-sin-categoria"],"_links":{"self":[{"href":"https:\/\/ffmm.mil.py\/ejercito\/wp-json\/wp\/v2\/posts\/19","targetHints":{"allow":["GET"]}}],"collection":[{"href":"https:\/\/ffmm.mil.py\/ejercito\/wp-json\/wp\/v2\/posts"}],"about":[{"href":"https:\/\/ffmm.mil.py\/ejercito\/wp-json\/wp\/v2\/types\/post"}],"author":[{"embeddable":true,"href":"https:\/\/ffmm.mil.py\/ejercito\/wp-json\/wp\/v2\/users\/1"}],"replies":[{"embeddable":true,"href":"https:\/\/ffmm.mil.py\/ejercito\/wp-json\/wp\/v2\/comments?post=19"}],"version-history":[{"count":1,"href":"https:\/\/ffmm.mil.py\/ejercito\/wp-json\/wp\/v2\/posts\/19\/revisions"}],"predecessor-version":[{"id":23,"href":"https:\/\/ffmm.mil.py\/ejercito\/wp-json\/wp\/v2\/posts\/19\/revisions\/23"}],"wp:featuredmedia":[{"embeddable":true,"href":"https:\/\/ffmm.mil.py\/ejercito\/wp-json\/wp\/v2\/media\/21"}],"wp:attachment":[{"href":"https:\/\/ffmm.mil.py\/ejercito\/wp-json\/wp\/v2\/media?parent=19"}],"wp:term":[{"taxonomy":"category","embeddable":true,"href":"https:\/\/ffmm.mil.py\/ejercito\/wp-json\/wp\/v2\/categories?post=19"},{"taxonomy":"post_tag","embeddable":true,"href":"https:\/\/ffmm.mil.py\/ejercito\/wp-json\/wp\/v2\/tags?post=19"}],"curies":[{"name":"wp","href":"https:\/\/api.w.org\/{rel}","templated":true}]}}