{"id":316,"date":"2026-01-29T11:26:00","date_gmt":"2026-01-29T10:26:00","guid":{"rendered":"https:\/\/ffmm.mil.py\/ejercito\/?p=316"},"modified":"2026-01-30T15:29:40","modified_gmt":"2026-01-30T14:29:40","slug":"%f0%9d%90%91%f0%9d%90%84%f0%9d%90%94%f0%9d%90%8d%f0%9d%90%88o%f0%9d%90%8d-%f0%9d%90%83%f0%9d%90%84-%f0%9d%90%82%f0%9d%90%8e%f0%9d%90%8e%f0%9d%90%91%f0%9d%90%83%f0%9d%90%88%f0%9d%90%8d%f0%9d%90%80","status":"publish","type":"post","link":"https:\/\/ffmm.mil.py\/ejercito\/2026\/01\/29\/%f0%9d%90%91%f0%9d%90%84%f0%9d%90%94%f0%9d%90%8d%f0%9d%90%88o%f0%9d%90%8d-%f0%9d%90%83%f0%9d%90%84-%f0%9d%90%82%f0%9d%90%8e%f0%9d%90%8e%f0%9d%90%91%f0%9d%90%83%f0%9d%90%88%f0%9d%90%8d%f0%9d%90%80\/","title":{"rendered":"\ud835\udc11\ud835\udc04\ud835\udc14\ud835\udc0d\ud835\udc08\u00d3\ud835\udc0d \ud835\udc03\ud835\udc04 \ud835\udc02\ud835\udc0e\ud835\udc0e\ud835\udc11\ud835\udc03\ud835\udc08\ud835\udc0d\ud835\udc00\ud835\udc02\ud835\udc08\u00d3\ud835\udc0d \u2013 \ud835\udc02\ud835\udc04\ud835\udc00 \ud835\udc04\ud835\udc0d \ud835\udc0b\ud835\udc00 \ud835\udfcf\u00aa \ud835\udc03\ud835\udc08\ud835\udc15\ud835\udc08\ud835\udc12\ud835\udc08\u00d3\ud835\udc0d \ud835\udc03\ud835\udc04 \ud835\udc08\ud835\udc0d\ud835\udc05\ud835\udc00\ud835\udc0d\ud835\udc13\ud835\udc04\ud835\udc11\u00cd\ud835\udc00"},"content":{"rendered":"\n<p>En las instalaciones de la 1\u00aa Divisi\u00f3n de Infanter\u00eda, se llev\u00f3 a cabo una Reuni\u00f3n de Coordinaci\u00f3n de la CEA, con el objetivo de articular acciones, ajustar lineamientos y fortalecer la planificaci\u00f3n de actividades previstas.<\/p>\n\n\n\n<p><img decoding=\"async\" height=\"16\" width=\"16\" alt=\"\ud83d\udd36\" src=\"https:\/\/static.xx.fbcdn.net\/images\/emoji.php\/v9\/t70\/1\/16\/1f536.png\"> La reuni\u00f3n permiti\u00f3 consolidar criterios de trabajo conjunto, reafirmando el compromiso institucional con la eficiencia, la organizaci\u00f3n y el cumplimiento de las misiones asignadas.<\/p>\n\n\n\n<p><img decoding=\"async\" height=\"16\" width=\"16\" alt=\"\ud83d\udd36\" src=\"https:\/\/static.xx.fbcdn.net\/images\/emoji.php\/v9\/t70\/1\/16\/1f536.png\">El Ej\u00e9rcito Paraguayo contin\u00faa fortaleciendo los espacios de coordinaci\u00f3n para el cumplimiento de sus funciones en beneficio de la Naci\u00f3n.<\/p>\n\n\n\n<p><a href=\"https:\/\/www.facebook.com\/hashtag\/ej%C3%A9rcitoparaguayo?__eep__=6&amp;__cft__[0]=AZawQcmfGSWx-axj4NiY0VDtsYNhLGPluxwSmjGFbfZnnqdUP92z77ebLz4igjX74pV2rwiTg_UmdWC3VtBzU6JsOxDfcEhslBuvmEhA3GgOLy_nXzPwYdiLwCaKsBRAKRP8OQpN1C1mPdSRKzMjzokX0s1n2iKedckotyGtqz3da3dhxeTjHYfcUGKJ0Oj2nkc&amp;__tn__=*NK-R\">#Ej\u00e9rcitoParaguayo<\/a><\/p>\n\n\n\n<p><a href=\"https:\/\/www.facebook.com\/hashtag\/comprometidoconsupueblo?__eep__=6&amp;__cft__[0]=AZawQcmfGSWx-axj4NiY0VDtsYNhLGPluxwSmjGFbfZnnqdUP92z77ebLz4igjX74pV2rwiTg_UmdWC3VtBzU6JsOxDfcEhslBuvmEhA3GgOLy_nXzPwYdiLwCaKsBRAKRP8OQpN1C1mPdSRKzMjzokX0s1n2iKedckotyGtqz3da3dhxeTjHYfcUGKJ0Oj2nkc&amp;__tn__=*NK-R\">#ComprometidoConSuPueblo<\/a><\/p>\n","protected":false},"excerpt":{"rendered":"<p>En las instalaciones de la 1\u00aa Divisi\u00f3n de Infanter\u00eda, se llev\u00f3 a cabo una Reuni\u00f3n de Coordinaci\u00f3n de la CEA, con el objetivo de articular acciones, ajustar lineamientos y fortalecer la planificaci\u00f3n de actividades previstas. La reuni\u00f3n permiti\u00f3 consolidar criterios de trabajo conjunto, reafirmando el compromiso institucional con la eficiencia, la organizaci\u00f3n y el cumplimiento [&hellip;]<\/p>\n","protected":false},"author":25,"featured_media":312,"comment_status":"closed","ping_status":"closed","sticky":false,"template":"","format":"standard","meta":{"footnotes":""},"categories":[1],"tags":[],"class_list":["post-316","post","type-post","status-publish","format-standard","has-post-thumbnail","hentry","category-sin-categoria"],"_links":{"self":[{"href":"https:\/\/ffmm.mil.py\/ejercito\/wp-json\/wp\/v2\/posts\/316","targetHints":{"allow":["GET"]}}],"collection":[{"href":"https:\/\/ffmm.mil.py\/ejercito\/wp-json\/wp\/v2\/posts"}],"about":[{"href":"https:\/\/ffmm.mil.py\/ejercito\/wp-json\/wp\/v2\/types\/post"}],"author":[{"embeddable":true,"href":"https:\/\/ffmm.mil.py\/ejercito\/wp-json\/wp\/v2\/users\/25"}],"replies":[{"embeddable":true,"href":"https:\/\/ffmm.mil.py\/ejercito\/wp-json\/wp\/v2\/comments?post=316"}],"version-history":[{"count":1,"href":"https:\/\/ffmm.mil.py\/ejercito\/wp-json\/wp\/v2\/posts\/316\/revisions"}],"predecessor-version":[{"id":317,"href":"https:\/\/ffmm.mil.py\/ejercito\/wp-json\/wp\/v2\/posts\/316\/revisions\/317"}],"wp:featuredmedia":[{"embeddable":true,"href":"https:\/\/ffmm.mil.py\/ejercito\/wp-json\/wp\/v2\/media\/312"}],"wp:attachment":[{"href":"https:\/\/ffmm.mil.py\/ejercito\/wp-json\/wp\/v2\/media?parent=316"}],"wp:term":[{"taxonomy":"category","embeddable":true,"href":"https:\/\/ffmm.mil.py\/ejercito\/wp-json\/wp\/v2\/categories?post=316"},{"taxonomy":"post_tag","embeddable":true,"href":"https:\/\/ffmm.mil.py\/ejercito\/wp-json\/wp\/v2\/tags?post=316"}],"curies":[{"name":"wp","href":"https:\/\/api.w.org\/{rel}","templated":true}]}}