{"id":442,"date":"2025-07-10T19:47:30","date_gmt":"2025-07-10T17:47:30","guid":{"rendered":"https:\/\/migracion.ffmm.mil.py\/cimefor\/?p=442"},"modified":"2025-07-10T21:02:25","modified_gmt":"2025-07-10T19:02:25","slug":"%f0%9d%90%91%f0%9d%90%84%f0%9d%90%82%f0%9d%90%84%f0%9d%90%8f%f0%9d%90%82%f0%9d%90%88o%f0%9d%90%8d-%f0%9d%90%83%f0%9d%90%84-%f0%9d%90%80%f0%9d%90%84%f0%9d%90%91%f0%9d%90%8e%f0%9d%90%8d%f0%9d%90%80","status":"publish","type":"post","link":"https:\/\/ffmm.mil.py\/fuerzaaerea\/2025\/07\/10\/%f0%9d%90%91%f0%9d%90%84%f0%9d%90%82%f0%9d%90%84%f0%9d%90%8f%f0%9d%90%82%f0%9d%90%88o%f0%9d%90%8d-%f0%9d%90%83%f0%9d%90%84-%f0%9d%90%80%f0%9d%90%84%f0%9d%90%91%f0%9d%90%8e%f0%9d%90%8d%f0%9d%90%80\/","title":{"rendered":"\ud835\udc11\ud835\udc04\ud835\udc02\ud835\udc04\ud835\udc0f\ud835\udc02\ud835\udc08\u00d3\ud835\udc0d \ud835\udc03\ud835\udc04 \ud835\udc00\ud835\udc04\ud835\udc11\ud835\udc0e\ud835\udc0d\ud835\udc00\ud835\udc15\ud835\udc04 \ud835\udc13-\ud835\udfd1\ud835\udfd3 \ud835\udc0f\ud835\udc08\ud835\udc0b\ud835\udc0b\ud835\udc00\ud835\udc0d"},"content":{"rendered":"\n<p>\ud83d\udccdEl 26 de junio del presente a\u00f1o, fue recepcionado un avi\u00f3n T-35 Pill\u00e1n con matr\u00edcula FAP 0104 completamente modernizado. Este trabajo fue realizado en la Empresa Nacional de Aeron\u00e1utica de Chile (ENAER) fabricante de esta aeronave, como parte del programa de revitalizaci\u00f3n de entrenadores b\u00e1sicos de la Instituci\u00f3n.<\/p>\n\n\n\n<div class=\"wp-block-columns is-layout-flex wp-container-core-columns-is-layout-28f84493 wp-block-columns-is-layout-flex\">\n<div class=\"wp-block-column is-layout-flow wp-block-column-is-layout-flow\">\n<figure class=\"wp-block-image size-full\"><img fetchpriority=\"high\" decoding=\"async\" width=\"300\" height=\"200\" src=\"https:\/\/cimefor.mil.py\/cimefor\/wp-content\/uploads\/sites\/5\/2025\/07\/504017794_18281016829261092_652918872258526091_n-300x200-1-1.jpg\" alt=\"\" class=\"wp-image-583\"\/><\/figure>\n<\/div>\n\n\n\n<div class=\"wp-block-column is-layout-flow wp-block-column-is-layout-flow\">\n<figure class=\"wp-block-image size-full\"><img decoding=\"async\" width=\"300\" height=\"200\" src=\"https:\/\/cimefor.mil.py\/cimefor\/wp-content\/uploads\/sites\/5\/2025\/07\/504020780_18281016757261092_3369007587398855181_n-300x200-1-1.jpg\" alt=\"\" class=\"wp-image-584\"\/><\/figure>\n<\/div>\n\n\n\n<div class=\"wp-block-column is-layout-flow wp-block-column-is-layout-flow\">\n<figure class=\"wp-block-image size-full\"><img decoding=\"async\" width=\"300\" height=\"200\" src=\"https:\/\/cimefor.mil.py\/cimefor\/wp-content\/uploads\/sites\/5\/2025\/07\/513455494_18281016934261092_8833583710755476080_n-300x200-1-1.jpg\" alt=\"\" class=\"wp-image-585\"\/><\/figure>\n<\/div>\n<\/div>\n\n\n\n<p>\ud83d\udee0\ufe0f Esta entrega forma parte de un contrato que contempla la modernizaci\u00f3n de seis aeronaves, incluyendo mejoras estructurales, actualizaci\u00f3n de avi\u00f3nica y equipamiento con tecnolog\u00eda de navegaci\u00f3n de \u00faltima generaci\u00f3n, con el objetivo de reforzar la formaci\u00f3n de pilotos militares.<\/p>\n\n\n\n<div class=\"wp-block-columns is-layout-flex wp-container-core-columns-is-layout-28f84493 wp-block-columns-is-layout-flex\">\n<div class=\"wp-block-column is-layout-flow wp-block-column-is-layout-flow\">\n<figure class=\"wp-block-image size-full\"><img loading=\"lazy\" decoding=\"async\" width=\"300\" height=\"200\" src=\"https:\/\/cimefor.mil.py\/cimefor\/wp-content\/uploads\/sites\/5\/2025\/07\/511536566_18281016808261092_5971595432391351356_n-300x200-1-1.jpg\" alt=\"\" class=\"wp-image-586\"\/><\/figure>\n<\/div>\n\n\n\n<div class=\"wp-block-column is-layout-flow wp-block-column-is-layout-flow\">\n<figure class=\"wp-block-image size-full\"><img loading=\"lazy\" decoding=\"async\" width=\"300\" height=\"200\" src=\"https:\/\/cimefor.mil.py\/cimefor\/wp-content\/uploads\/sites\/5\/2025\/07\/511548649_18281016790261092_6056061775184815901_n-300x200-1.jpg\" alt=\"\" class=\"wp-image-588\"\/><\/figure>\n<\/div>\n\n\n\n<div class=\"wp-block-column is-layout-flow wp-block-column-is-layout-flow\">\n<figure class=\"wp-block-image size-full\"><img loading=\"lazy\" decoding=\"async\" width=\"300\" height=\"200\" src=\"https:\/\/cimefor.mil.py\/cimefor\/wp-content\/uploads\/sites\/5\/2025\/07\/514094496_18281016838261092_3927258940280150588_n-300x200-1.jpg\" alt=\"\" class=\"wp-image-589\"\/><\/figure>\n<\/div>\n<\/div>\n\n\n\n<p>\ud83d\udd39 En la recepci\u00f3n estuvo presente el Se\u00f1or Ministro de Defensa, \ud835\udc06\ud835\udc11\ud835\udc00\ud835\udc0b \ud835\udc04\ud835\udc09 (\ud835\udc11) \ud835\udc0e\ud835\udc12\ud835\udc02\ud835\udc00\ud835\udc11 \ud835\udc0b\ud835\udc14\ud835\udc08\ud835\udc12 \ud835\udc06\ud835\udc0e\ud835\udc0d\ud835\udc19\ud835\udc00\u0301\ud835\udc0b\ud835\udc04\ud835\udc19 \ud835\udc02\ud835\udc00\ud835\udc0d\u0303\ud835\udc04\ud835\udc13\ud835\udc04, acompa\u00f1ado por el Se\u00f1or Comandante de Fuerzas Militares, \ud835\udc06\ud835\udc11\ud835\udc00\ud835\udc0b \ud835\udc04\ud835\udc09 \ud835\udc02\ud835\udc04\u0301\ud835\udc12\ud835\udc00\ud835\udc11 \ud835\udc00\ud835\udc14\ud835\udc06\ud835\udc14\ud835\udc12\ud835\udc13\ud835\udc0e \ud835\udc0c\ud835\udc0e\ud835\udc11\ud835\udc04\ud835\udc0d\ud835\udc0e \ud835\udc0b\ud835\udc00\ud835\udc0d\ud835\udc03\ud835\udc00\ud835\udc08\ud835\udc11\ud835\udc00 y Se\u00f1or Comandante de la Fuerza A\u00e9rea, \ud835\udc06\ud835\udc11\ud835\udc00\ud835\udc0b \ud835\udc03\ud835\udc04\ud835\udc0b \ud835\udc00\ud835\udc08\ud835\udc11\ud835\udc04 \ud835\udc09\ud835\udc14\ud835\udc0b\ud835\udc08\ud835\udc0e \ud835\udc11\ud835\udc14\ud835\udc01\ud835\udc04\u0301\ud835\udc0d \ud835\udc05\ud835\udc14\ud835\udc0b\ud835\udc0b\ud835\udc00\ud835\udc0e\ud835\udc0d\ud835\udc03\ud835\udc0e \ud835\udc02\ud835\udc04\u0301\ud835\udc12\ud835\udc0f\ud835\udc04\ud835\udc03\ud835\udc04\ud835\udc12.<\/p>\n\n\n\n<div class=\"wp-block-columns is-layout-flex wp-container-core-columns-is-layout-28f84493 wp-block-columns-is-layout-flex\">\n<div class=\"wp-block-column is-layout-flow wp-block-column-is-layout-flow\">\n<figure class=\"wp-block-image size-full\"><img loading=\"lazy\" decoding=\"async\" width=\"300\" height=\"200\" src=\"https:\/\/cimefor.mil.py\/cimefor\/wp-content\/uploads\/sites\/5\/2025\/07\/504389074_18281016799261092_3222371256546214309_n-300x200-1.jpg\" alt=\"\" class=\"wp-image-590\"\/><\/figure>\n<\/div>\n\n\n\n<div class=\"wp-block-column is-layout-flow wp-block-column-is-layout-flow\">\n<figure class=\"wp-block-image size-full\"><img loading=\"lazy\" decoding=\"async\" width=\"300\" height=\"200\" src=\"https:\/\/cimefor.mil.py\/cimefor\/wp-content\/uploads\/sites\/5\/2025\/07\/511537667_18281016913261092_5959562892734325984_n-300x200-1.jpg\" alt=\"\" class=\"wp-image-591\"\/><\/figure>\n<\/div>\n<\/div>\n\n\n\n<div class=\"wp-block-group is-nowrap is-layout-flex wp-container-core-group-is-layout-6c531013 wp-block-group-is-layout-flex\">\n<figure class=\"wp-block-image is-resized\"><img decoding=\"async\" src=\"https:\/\/s.w.org\/images\/core\/emoji\/15.1.0\/svg\/1f1f5-1f1fe.svg\" alt=\"\ud83c\uddf5\ud83c\uddfe\" style=\"width:20px;height:auto\"\/><\/figure>\n\n\n\n<p>Con esta incorporaci\u00f3n, la Fuerza A\u00e9rea Paraguaya contin\u00faa fortaleciendo su capacidad operativa y reafirma su compromiso con la excelencia en el entrenamiento de sus cuadros a\u00e9reos.<\/p>\n<\/div>\n\n\n\n<div class=\"wp-block-columns is-layout-flex wp-container-core-columns-is-layout-28f84493 wp-block-columns-is-layout-flex\">\n<div class=\"wp-block-column is-layout-flow wp-block-column-is-layout-flow\">\n<figure class=\"wp-block-image size-full\"><img loading=\"lazy\" decoding=\"async\" width=\"300\" height=\"200\" src=\"https:\/\/cimefor.mil.py\/cimefor\/wp-content\/uploads\/sites\/5\/2025\/07\/504357289_18281016943261092_7824254288811104376_n-300x200-1.jpg\" alt=\"\" class=\"wp-image-592\"\/><\/figure>\n<\/div>\n\n\n\n<div class=\"wp-block-column is-layout-flow wp-block-column-is-layout-flow\">\n<figure class=\"wp-block-image size-full\"><img loading=\"lazy\" decoding=\"async\" width=\"300\" height=\"200\" src=\"https:\/\/cimefor.mil.py\/cimefor\/wp-content\/uploads\/sites\/5\/2025\/07\/513267474_18281016781261092_7027516747340180790_n-300x200-1.jpg\" alt=\"\" class=\"wp-image-593\"\/><\/figure>\n<\/div>\n\n\n\n<div class=\"wp-block-column is-layout-flow wp-block-column-is-layout-flow\">\n<figure class=\"wp-block-image size-full\"><img loading=\"lazy\" decoding=\"async\" width=\"300\" height=\"200\" src=\"https:\/\/cimefor.mil.py\/cimefor\/wp-content\/uploads\/sites\/5\/2025\/07\/513617726_18281016961261092_755812350271135832_n-300x200-1.jpg\" alt=\"\" class=\"wp-image-594\"\/><\/figure>\n<\/div>\n<\/div>\n\n\n\n<figure class=\"wp-block-image size-full\"><img loading=\"lazy\" decoding=\"async\" width=\"700\" height=\"450\" src=\"https:\/\/cimefor.mil.py\/cimefor\/wp-content\/uploads\/sites\/5\/2025\/07\/504357289_18281016943261092_7824254288811104376_n-e1751377778366-700x450-1-1.jpg\" alt=\"\" class=\"wp-image-595\" srcset=\"https:\/\/ffmm.mil.py\/fuerzaaerea\/wp-content\/uploads\/sites\/5\/2025\/07\/504357289_18281016943261092_7824254288811104376_n-e1751377778366-700x450-1-1.jpg 700w, https:\/\/ffmm.mil.py\/fuerzaaerea\/wp-content\/uploads\/sites\/5\/2025\/07\/504357289_18281016943261092_7824254288811104376_n-e1751377778366-700x450-1-1-300x193.jpg 300w\" sizes=\"(max-width: 700px) 100vw, 700px\" \/><\/figure>\n\n\n\n<ul class=\"wp-block-social-links is-layout-flex wp-block-social-links-is-layout-flex\"><li class=\"wp-social-link wp-social-link-facebook  wp-block-social-link\"><a href=\"https:\/\/www.facebook.com\/MITICParaguay\/\" class=\"wp-block-social-link-anchor\"><svg width=\"24\" height=\"24\" viewBox=\"0 0 24 24\" version=\"1.1\" xmlns=\"http:\/\/www.w3.org\/2000\/svg\" aria-hidden=\"true\" focusable=\"false\"><path d=\"M12 2C6.5 2 2 6.5 2 12c0 5 3.7 9.1 8.4 9.9v-7H7.9V12h2.5V9.8c0-2.5 1.5-3.9 3.8-3.9 1.1 0 2.2.2 2.2.2v2.5h-1.3c-1.2 0-1.6.8-1.6 1.6V12h2.8l-.4 2.9h-2.3v7C18.3 21.1 22 17 22 12c0-5.5-4.5-10-10-10z\"><\/path><\/svg><span class=\"wp-block-social-link-label screen-reader-text\">Facebook<\/span><\/a><\/li>\n\n<li class=\"wp-social-link wp-social-link-instagram  wp-block-social-link\"><a href=\"https:\/\/www.instagram.com\/miticpy\/#\" class=\"wp-block-social-link-anchor\"><svg width=\"24\" height=\"24\" viewBox=\"0 0 24 24\" version=\"1.1\" xmlns=\"http:\/\/www.w3.org\/2000\/svg\" aria-hidden=\"true\" focusable=\"false\"><path d=\"M12,4.622c2.403,0,2.688,0.009,3.637,0.052c0.877,0.04,1.354,0.187,1.671,0.31c0.42,0.163,0.72,0.358,1.035,0.673 c0.315,0.315,0.51,0.615,0.673,1.035c0.123,0.317,0.27,0.794,0.31,1.671c0.043,0.949,0.052,1.234,0.052,3.637 s-0.009,2.688-0.052,3.637c-0.04,0.877-0.187,1.354-0.31,1.671c-0.163,0.42-0.358,0.72-0.673,1.035 c-0.315,0.315-0.615,0.51-1.035,0.673c-0.317,0.123-0.794,0.27-1.671,0.31c-0.949,0.043-1.233,0.052-3.637,0.052 s-2.688-0.009-3.637-0.052c-0.877-0.04-1.354-0.187-1.671-0.31c-0.42-0.163-0.72-0.358-1.035-0.673 c-0.315-0.315-0.51-0.615-0.673-1.035c-0.123-0.317-0.27-0.794-0.31-1.671C4.631,14.688,4.622,14.403,4.622,12 s0.009-2.688,0.052-3.637c0.04-0.877,0.187-1.354,0.31-1.671c0.163-0.42,0.358-0.72,0.673-1.035 c0.315-0.315,0.615-0.51,1.035-0.673c0.317-0.123,0.794-0.27,1.671-0.31C9.312,4.631,9.597,4.622,12,4.622 M12,3 C9.556,3,9.249,3.01,8.289,3.054C7.331,3.098,6.677,3.25,6.105,3.472C5.513,3.702,5.011,4.01,4.511,4.511 c-0.5,0.5-0.808,1.002-1.038,1.594C3.25,6.677,3.098,7.331,3.054,8.289C3.01,9.249,3,9.556,3,12c0,2.444,0.01,2.751,0.054,3.711 c0.044,0.958,0.196,1.612,0.418,2.185c0.23,0.592,0.538,1.094,1.038,1.594c0.5,0.5,1.002,0.808,1.594,1.038 c0.572,0.222,1.227,0.375,2.185,0.418C9.249,20.99,9.556,21,12,21s2.751-0.01,3.711-0.054c0.958-0.044,1.612-0.196,2.185-0.418 c0.592-0.23,1.094-0.538,1.594-1.038c0.5-0.5,0.808-1.002,1.038-1.594c0.222-0.572,0.375-1.227,0.418-2.185 C20.99,14.751,21,14.444,21,12s-0.01-2.751-0.054-3.711c-0.044-0.958-0.196-1.612-0.418-2.185c-0.23-0.592-0.538-1.094-1.038-1.594 c-0.5-0.5-1.002-0.808-1.594-1.038c-0.572-0.222-1.227-0.375-2.185-0.418C14.751,3.01,14.444,3,12,3L12,3z M12,7.378 c-2.552,0-4.622,2.069-4.622,4.622S9.448,16.622,12,16.622s4.622-2.069,4.622-4.622S14.552,7.378,12,7.378z M12,15 c-1.657,0-3-1.343-3-3s1.343-3,3-3s3,1.343,3,3S13.657,15,12,15z M16.804,6.116c-0.596,0-1.08,0.484-1.08,1.08 s0.484,1.08,1.08,1.08c0.596,0,1.08-0.484,1.08-1.08S17.401,6.116,16.804,6.116z\"><\/path><\/svg><span class=\"wp-block-social-link-label screen-reader-text\">Instagram<\/span><\/a><\/li>\n\n<li class=\"wp-social-link wp-social-link-x  wp-block-social-link\"><a href=\"https:\/\/x.com\/Miticpy\" class=\"wp-block-social-link-anchor\"><svg width=\"24\" height=\"24\" viewBox=\"0 0 24 24\" version=\"1.1\" xmlns=\"http:\/\/www.w3.org\/2000\/svg\" aria-hidden=\"true\" focusable=\"false\"><path d=\"M13.982 10.622 20.54 3h-1.554l-5.693 6.618L8.745 3H3.5l6.876 10.007L3.5 21h1.554l6.012-6.989L15.868 21h5.245l-7.131-10.378Zm-2.128 2.474-.697-.997-5.543-7.93H8l4.474 6.4.697.996 5.815 8.318h-2.387l-4.745-6.787Z\" \/><\/svg><span class=\"wp-block-social-link-label screen-reader-text\">X<\/span><\/a><\/li>\n\n<li class=\"wp-social-link wp-social-link-youtube  wp-block-social-link\"><a href=\"https:\/\/www.youtube.com\/user\/SENATICspy\" class=\"wp-block-social-link-anchor\"><svg width=\"24\" height=\"24\" viewBox=\"0 0 24 24\" version=\"1.1\" xmlns=\"http:\/\/www.w3.org\/2000\/svg\" aria-hidden=\"true\" focusable=\"false\"><path d=\"M21.8,8.001c0,0-0.195-1.378-0.795-1.985c-0.76-0.797-1.613-0.801-2.004-0.847c-2.799-0.202-6.997-0.202-6.997-0.202 h-0.009c0,0-4.198,0-6.997,0.202C4.608,5.216,3.756,5.22,2.995,6.016C2.395,6.623,2.2,8.001,2.2,8.001S2,9.62,2,11.238v1.517 c0,1.618,0.2,3.237,0.2,3.237s0.195,1.378,0.795,1.985c0.761,0.797,1.76,0.771,2.205,0.855c1.6,0.153,6.8,0.201,6.8,0.201 s4.203-0.006,7.001-0.209c0.391-0.047,1.243-0.051,2.004-0.847c0.6-0.607,0.795-1.985,0.795-1.985s0.2-1.618,0.2-3.237v-1.517 C22,9.62,21.8,8.001,21.8,8.001z M9.935,14.594l-0.001-5.62l5.404,2.82L9.935,14.594z\"><\/path><\/svg><span class=\"wp-block-social-link-label screen-reader-text\">YouTube<\/span><\/a><\/li>\n\n<li class=\"wp-social-link wp-social-link-flickr  wp-block-social-link\"><a href=\"https:\/\/www.flickr.com\/people\/124133727@N02\/\" class=\"wp-block-social-link-anchor\"><svg width=\"24\" height=\"24\" viewBox=\"0 0 24 24\" version=\"1.1\" xmlns=\"http:\/\/www.w3.org\/2000\/svg\" aria-hidden=\"true\" focusable=\"false\"><path d=\"M6.5,7c-2.75,0-5,2.25-5,5s2.25,5,5,5s5-2.25,5-5S9.25,7,6.5,7z M17.5,7c-2.75,0-5,2.25-5,5s2.25,5,5,5s5-2.25,5-5 S20.25,7,17.5,7z\"><\/path><\/svg><span class=\"wp-block-social-link-label screen-reader-text\">Flickr<\/span><\/a><\/li><\/ul>\n","protected":false},"excerpt":{"rendered":"<p>\ud83d\udccdEl 26 de junio del presente a\u00f1o, fue recepcionado un avi\u00f3n T-35 Pill\u00e1n con matr\u00edcula FAP 0104 completamente modernizado. Este trabajo fue realizado en la Empresa Nacional de Aeron\u00e1utica de Chile (ENAER) fabricante de esta aeronave, como parte del programa de revitalizaci\u00f3n de entrenadores b\u00e1sicos de la Instituci\u00f3n. \ud83d\udee0\ufe0f Esta entrega forma parte de un [&hellip;]<\/p>\n","protected":false},"author":1,"featured_media":457,"comment_status":"closed","ping_status":"closed","sticky":true,"template":"","format":"standard","meta":{"footnotes":""},"categories":[1],"tags":[],"class_list":["post-442","post","type-post","status-publish","format-standard","has-post-thumbnail","hentry","category-sin-categoria"],"_links":{"self":[{"href":"https:\/\/ffmm.mil.py\/fuerzaaerea\/wp-json\/wp\/v2\/posts\/442","targetHints":{"allow":["GET"]}}],"collection":[{"href":"https:\/\/ffmm.mil.py\/fuerzaaerea\/wp-json\/wp\/v2\/posts"}],"about":[{"href":"https:\/\/ffmm.mil.py\/fuerzaaerea\/wp-json\/wp\/v2\/types\/post"}],"author":[{"embeddable":true,"href":"https:\/\/ffmm.mil.py\/fuerzaaerea\/wp-json\/wp\/v2\/users\/1"}],"replies":[{"embeddable":true,"href":"https:\/\/ffmm.mil.py\/fuerzaaerea\/wp-json\/wp\/v2\/comments?post=442"}],"version-history":[{"count":4,"href":"https:\/\/ffmm.mil.py\/fuerzaaerea\/wp-json\/wp\/v2\/posts\/442\/revisions"}],"predecessor-version":[{"id":596,"href":"https:\/\/ffmm.mil.py\/fuerzaaerea\/wp-json\/wp\/v2\/posts\/442\/revisions\/596"}],"wp:featuredmedia":[{"embeddable":true,"href":"https:\/\/ffmm.mil.py\/fuerzaaerea\/wp-json\/wp\/v2\/media\/457"}],"wp:attachment":[{"href":"https:\/\/ffmm.mil.py\/fuerzaaerea\/wp-json\/wp\/v2\/media?parent=442"}],"wp:term":[{"taxonomy":"category","embeddable":true,"href":"https:\/\/ffmm.mil.py\/fuerzaaerea\/wp-json\/wp\/v2\/categories?post=442"},{"taxonomy":"post_tag","embeddable":true,"href":"https:\/\/ffmm.mil.py\/fuerzaaerea\/wp-json\/wp\/v2\/tags?post=442"}],"curies":[{"name":"wp","href":"https:\/\/api.w.org\/{rel}","templated":true}]}}