{"id":524,"date":"2025-07-10T20:22:55","date_gmt":"2025-07-10T18:22:55","guid":{"rendered":"https:\/\/migracion.ffmm.mil.py\/cimefor\/?p=524"},"modified":"2025-07-10T20:48:32","modified_gmt":"2025-07-10T18:48:32","slug":"%f0%9d%90%80%f0%9d%90%8f%f0%9d%90%84%f0%9d%90%91%f0%9d%90%93%f0%9d%90%94%f0%9d%90%91%f0%9d%90%80-%f0%9d%90%83%f0%9d%90%84%f0%9d%90%8b-%f0%9d%90%8f%f0%9d%90%91%f0%9d%90%8e%f0%9d%90%86%f0%9d%90%91","status":"publish","type":"post","link":"https:\/\/ffmm.mil.py\/fuerzaaerea\/2025\/07\/10\/%f0%9d%90%80%f0%9d%90%8f%f0%9d%90%84%f0%9d%90%91%f0%9d%90%93%f0%9d%90%94%f0%9d%90%91%f0%9d%90%80-%f0%9d%90%83%f0%9d%90%84%f0%9d%90%8b-%f0%9d%90%8f%f0%9d%90%91%f0%9d%90%8e%f0%9d%90%86%f0%9d%90%91\/","title":{"rendered":"\ud835\udc00\ud835\udc0f\ud835\udc04\ud835\udc11\ud835\udc13\ud835\udc14\ud835\udc11\ud835\udc00 \ud835\udc03\ud835\udc04\ud835\udc0b \ud835\udc0f\ud835\udc11\ud835\udc0e\ud835\udc06\ud835\udc11\ud835\udc00\ud835\udc0c\ud835\udc00 \ud835\udc03\ud835\udc04 \ud835\udc04\ud835\udc12\ud835\udc0f\ud835\udc04\ud835\udc02\ud835\udc08\ud835\udc00\ud835\udc0b\ud835\udc08\ud835\udc19\ud835\udc00\ud835\udc02\ud835\udc08\ud835\udc0e\u0301\ud835\udc0d \ud835\udc04\ud835\udc0d \ud835\udc07\ud835\udc08\ud835\udc12\ud835\udc13\ud835\udc0e\ud835\udc11\ud835\udc08\ud835\udc00 \ud835\udc0d\ud835\udc00\ud835\udc02\ud835\udc08\ud835\udc0e\ud835\udc0d\ud835\udc00\ud835\udc0b."},"content":{"rendered":"\n<p>\ud835\udc00\ud835\udc0f\ud835\udc04\ud835\udc11\ud835\udc13\ud835\udc14\ud835\udc11\ud835\udc00 \ud835\udc03\ud835\udc04\ud835\udc0b \ud835\udc0f\ud835\udc11\ud835\udc0e\ud835\udc06\ud835\udc11\ud835\udc00\ud835\udc0c\ud835\udc00 \ud835\udc03\ud835\udc04 \ud835\udc04\ud835\udc12\ud835\udc0f\ud835\udc04\ud835\udc02\ud835\udc08\ud835\udc00\ud835\udc0b\ud835\udc08\ud835\udc19\ud835\udc00\ud835\udc02\ud835\udc08\ud835\udc0e\u0301\ud835\udc0d \ud835\udc04\ud835\udc0d \ud835\udc07\ud835\udc08\ud835\udc12\ud835\udc13\ud835\udc0e\ud835\udc11\ud835\udc08\ud835\udc00 \ud835\udc0d\ud835\udc00\ud835\udc02\ud835\udc08\ud835\udc0e\ud835\udc0d\ud835\udc00\ud835\udc0b.<\/p>\n\n\n\n<p><img decoding=\"async\" src=\"https:\/\/static.xx.fbcdn.net\/images\/emoji.php\/v9\/t2d\/1\/16\/1f4cd.png\" alt=\"\ud83d\udccd\" width=\"16\" height=\"16\">&nbsp;El d\u00eda viernes 21 de marzo en el sal\u00f3n auditorio \u201cAviadores del Chaco\u201d del Comando de Institutos Aeron\u00e1uticos de Ense\u00f1anza (CIAERE), se llev\u00f3 a cabo la Ceremonia de apertura del Programa de Especializaci\u00f3n en Historia Nacional A\u00f1o 2025.<\/p>\n\n\n\n<p><img decoding=\"async\" src=\"https:\/\/static.xx.fbcdn.net\/images\/emoji.php\/v9\/tf3\/1\/16\/1f539.png\" alt=\"\ud83d\udd39\" width=\"16\" height=\"16\">&nbsp;Presidi\u00f3 la ceremonia el Se\u00f1or Comandante de la Fuerza A\u00e9rea, \ud835\udc06\ud835\udc11\ud835\udc00\ud835\udc0b \ud835\udc03\ud835\udc04\ud835\udc0b \ud835\udc00\ud835\udc08\ud835\udc11\ud835\udc04 \ud835\udc09\ud835\udc14\ud835\udc0b\ud835\udc08\ud835\udc0e \ud835\udc11\ud835\udc14\ud835\udc01\ud835\udc04\u0301\ud835\udc0d \ud835\udc05\ud835\udc14\ud835\udc0b\ud835\udc0b\ud835\udc00\ud835\udc0e\ud835\udc0d\ud835\udc03\ud835\udc0e \ud835\udc02\ud835\udc04\u0301\ud835\udc12\ud835\udc0f\ud835\udc04\ud835\udc03\ud835\udc04\ud835\udc12, acompa\u00f1ado del Se\u00f1or Jefe de Estado Mayor General \ud835\udc06\ud835\udc11\ud835\udc00\ud835\udc0b \ud835\udc03\ud835\udc08\ud835\udc15 \ud835\udc00\ud835\udc04\ud835\udc11 \ud835\udc11\ud835\udc0e\ud835\udc01\ud835\udc04\ud835\udc11\ud835\udc13\ud835\udc0e \ud835\udc09\ud835\udc0e\ud835\udc12\ud835\udc04\u0301 \ud835\udc08\ud835\udc03\ud835\udc0e\ud835\udc18\ud835\udc00\ud835\udc06\ud835\udc00 \ud835\udc01\ud835\udc04\ud835\udc0d\ud835\udc08\ud835\udc13\ud835\udc04\ud835\udc19. Dieron realce a la ceremonia los Se\u00f1ores Comandantes de las GGUU, Se\u00f1ores Oficiales Superiores, Subalternos, Suboficiales e Invitados Especiales.<\/p>\n\n\n\n<p><img decoding=\"async\" src=\"https:\/\/static.xx.fbcdn.net\/images\/emoji.php\/v9\/t60\/1\/16\/1f51d.png\" alt=\"\ud83d\udd1d\" width=\"16\" height=\"16\">&nbsp;El Se\u00f1or Comandante de la ECEMFAER \ud835\udc02\ud835\udc0d\ud835\udc04\ud835\udc0b \ud835\udc03\ud835\udc02\ud835\udc04\ud835\udc0c \ud835\udc01\ud835\udc04\ud835\udc11\ud835\udc0d\ud835\udc00\ud835\udc11\ud835\udc03\ud835\udc08\ud835\udc0d\ud835\udc0e \ud835\udc02\ud835\udc00\ud835\udc01\ud835\udc00\ud835\udc0b\ud835\udc0b\ud835\udc04\ud835\udc11\ud835\udc0e, enfatiz\u00f3 que este programa es una oportunidad para profundizar en nuestra historia, reflexionar sobre nuestra identidad y fortalecer nuestros lazos como naci\u00f3n. Inst\u00f3 a los cursantes a cuestionar, investigar y debatir, recordando que la historia es una disciplina viva en constante evoluci\u00f3n. Les dese\u00f3 el mayor de los \u00e9xitos en este camino de aprendizaje. Cerro su discurso con una inspiradora frase del My PAM (R) Leandro Aponte Ben\u00edtez, piloto de combate y Excombatiente de la Guerra del Chaco:<\/p>\n\n\n\n<p><img loading=\"lazy\" decoding=\"async\" src=\"https:\/\/static.xx.fbcdn.net\/images\/emoji.php\/v9\/t4b\/1\/16\/1f4dc.png\" alt=\"\ud83d\udcdc\" width=\"16\" height=\"16\">&nbsp;\u201c\ud835\udc04\ud835\udc25 \ud835\udc2c\ud835\udc1e\ud835\udc27\ud835\udc2d\ud835\udc22\ud835\udc26\ud835\udc22\ud835\udc1e\ud835\udc27\ud835\udc2d\ud835\udc28 \ud835\udc1d\ud835\udc1e \ud835\udc2b\ud835\udc1e\ud835\udc2c\ud835\udc29\ud835\udc1e\ud835\udc2d\ud835\udc28 \ud835\udc32 \ud835\udc1a\ud835\udc26\ud835\udc28\ud835\udc2b \ud835\udc29\ud835\udc28\ud835\udc2b \ud835\udc25\ud835\udc1a\ud835\udc2c \ud835\udc20\ud835\udc25\ud835\udc28\ud835\udc2b\ud835\udc22\ud835\udc1a\ud835\udc2c \ud835\udc27\ud835\udc1a\ud835\udc1c\ud835\udc22\ud835\udc28\ud835\udc27\ud835\udc1a\ud835\udc25\ud835\udc1e\ud835\udc2c \ud835\udc27\ud835\udc28 \ud835\udc1e\ud835\udc2c \ud835\udc2f\ud835\udc22\ud835\udc2f\ud835\udc22\ud835\udc2b \ud835\udc1d\ud835\udc1e\ud835\udc25 \ud835\udc29\ud835\udc1a\ud835\udc2c\ud835\udc1a\ud835\udc1d\ud835\udc28, \ud835\udc1c\ud835\udc28\ud835\udc26\ud835\udc28 \ud835\udc1c\ud835\udc2b\ud835\udc1e\ud835\udc1e\ud835\udc27 \ud835\udc1a\ud835\udc25\ud835\udc20\ud835\udc2e\ud835\udc27\ud835\udc28\ud835\udc2c; \ud835\udc1e\ud835\udc2c, \ud835\udc29\ud835\udc28\ud835\udc2b \ud835\udc1e\ud835\udc25 \ud835\udc1c\ud835\udc28\ud835\udc27\ud835\udc2d\ud835\udc2b\ud835\udc1a\ud835\udc2b\ud835\udc22\ud835\udc28, \ud835\udc1a\ud835\udc1b\ud835\udc2b\ud835\udc22\ud835\udc2b \ud835\udc25\ud835\udc1a\ud835\udc2c \ud835\udc29\ud835\udc2e\ud835\udc1e\ud835\udc2b\ud835\udc2d\ud835\udc1a\ud835\udc2c \ud835\udc1d\ud835\udc1e\ud835\udc25 \ud835\udc29\ud835\udc28\ud835\udc2b\ud835\udc2f\ud835\udc1e\ud835\udc27\ud835\udc22\ud835\udc2b \ud835\udc29\ud835\udc2e\ud835\udc1e\ud835\udc2c\ud835\udc2d\ud835\udc28 \ud835\udc2a\ud835\udc2e\ud835\udc1e \ud835\udc1c\ud835\udc28\ud835\udc27 \ud835\udc1e\ud835\udc25\ud835\udc25\ud835\udc28 \ud835\udc2c\ud835\udc1e \ud835\udc1d\ud835\udc1e\ud835\udc2c\ud835\udc29\ud835\udc22\ud835\udc1e\ud835\udc2b\ud835\udc2d\ud835\udc1a \ud835\udc1e\ud835\udc27 \ud835\udc25\ud835\udc28\ud835\udc2c \ud835\udc29\ud835\udc2e\ud835\udc1e\ud835\udc1b\ud835\udc25\ud835\udc28\ud835\udc2c \ud835\udc25\ud835\udc1a \ud835\udc1c\ud835\udc28\ud835\udc27\ud835\udc1c\ud835\udc22\ud835\udc1e\ud835\udc27\ud835\udc1c\ud835\udc22\ud835\udc1a \ud835\udc1d\ud835\udc1e \ud835\udc2c\ud835\udc2e \ud835\udc1c\ud835\udc1a\ud835\udc29\ud835\udc1a\ud835\udc1c\ud835\udc22\ud835\udc1d\ud835\udc1a\ud835\udc1d \ud835\udc29\ud835\udc1a\ud835\udc2b\ud835\udc1a \ud835\udc1c\ud835\udc28\ud835\udc27\ud835\udc2a\ud835\udc2e\ud835\udc22\ud835\udc2c\ud835\udc2d\ud835\udc1a\ud835\udc2b \ud835\udc2c\ud835\udc2e \ud835\udc20\ud835\udc2b\ud835\udc1a\ud835\udc27\ud835\udc1d\ud835\udc1e\ud835\udc33\ud835\udc1a\u201d<\/p>\n\n\n\n<p><img loading=\"lazy\" decoding=\"async\" src=\"https:\/\/static.xx.fbcdn.net\/images\/emoji.php\/v9\/t14\/1\/16\/1f1f5_1f1fe.png\" alt=\"\ud83c\uddf5\ud83c\uddfe\" width=\"16\" height=\"16\">&nbsp;Al cierre de la ceremonia, se inaugur\u00f3 \ud835\udc0b\ud835\udc1a \ud835\udc06\ud835\udc1a\ud835\udc25\ud835\udc1e\ud835\udc2b\u00ed\ud835\udc1a \ud835\udc00\ud835\udc2f\ud835\udc22\ud835\udc1a\ud835\udc1d\ud835\udc28\ud835\udc2b\ud835\udc1e\ud835\udc2c \ud835\udc1d\ud835\udc1e\ud835\udc25 \ud835\udc02\ud835\udc21\ud835\udc1a\ud835\udc1c\ud835\udc28 rindiendo homenaje a quienes defendieron nuestra patria desde el aire, preservando su legado e inspirando a futuras generaciones.<\/p>\n\n\n\n<figure class=\"wp-block-image size-full\"><img loading=\"lazy\" decoding=\"async\" width=\"700\" height=\"450\" src=\"https:\/\/cimefor.mil.py\/cimefor\/wp-content\/uploads\/sites\/5\/2025\/07\/APERTURA-HISTORIA-700x450-1.jpg\" alt=\"\" class=\"wp-image-540\" srcset=\"https:\/\/ffmm.mil.py\/fuerzaaerea\/wp-content\/uploads\/sites\/5\/2025\/07\/APERTURA-HISTORIA-700x450-1.jpg 700w, https:\/\/ffmm.mil.py\/fuerzaaerea\/wp-content\/uploads\/sites\/5\/2025\/07\/APERTURA-HISTORIA-700x450-1-300x193.jpg 300w\" sizes=\"(max-width: 700px) 100vw, 700px\" \/><\/figure>\n\n\n\n<ul class=\"wp-block-social-links is-layout-flex wp-block-social-links-is-layout-flex\"><li class=\"wp-social-link wp-social-link-facebook  wp-block-social-link\"><a href=\"https:\/\/www.facebook.com\/MITICParaguay\/\" class=\"wp-block-social-link-anchor\"><svg width=\"24\" height=\"24\" viewBox=\"0 0 24 24\" version=\"1.1\" xmlns=\"http:\/\/www.w3.org\/2000\/svg\" aria-hidden=\"true\" focusable=\"false\"><path d=\"M12 2C6.5 2 2 6.5 2 12c0 5 3.7 9.1 8.4 9.9v-7H7.9V12h2.5V9.8c0-2.5 1.5-3.9 3.8-3.9 1.1 0 2.2.2 2.2.2v2.5h-1.3c-1.2 0-1.6.8-1.6 1.6V12h2.8l-.4 2.9h-2.3v7C18.3 21.1 22 17 22 12c0-5.5-4.5-10-10-10z\"><\/path><\/svg><span class=\"wp-block-social-link-label screen-reader-text\">Facebook<\/span><\/a><\/li>\n\n<li class=\"wp-social-link wp-social-link-instagram  wp-block-social-link\"><a href=\"https:\/\/www.instagram.com\/miticpy\/#\" class=\"wp-block-social-link-anchor\"><svg width=\"24\" height=\"24\" viewBox=\"0 0 24 24\" version=\"1.1\" xmlns=\"http:\/\/www.w3.org\/2000\/svg\" aria-hidden=\"true\" focusable=\"false\"><path d=\"M12,4.622c2.403,0,2.688,0.009,3.637,0.052c0.877,0.04,1.354,0.187,1.671,0.31c0.42,0.163,0.72,0.358,1.035,0.673 c0.315,0.315,0.51,0.615,0.673,1.035c0.123,0.317,0.27,0.794,0.31,1.671c0.043,0.949,0.052,1.234,0.052,3.637 s-0.009,2.688-0.052,3.637c-0.04,0.877-0.187,1.354-0.31,1.671c-0.163,0.42-0.358,0.72-0.673,1.035 c-0.315,0.315-0.615,0.51-1.035,0.673c-0.317,0.123-0.794,0.27-1.671,0.31c-0.949,0.043-1.233,0.052-3.637,0.052 s-2.688-0.009-3.637-0.052c-0.877-0.04-1.354-0.187-1.671-0.31c-0.42-0.163-0.72-0.358-1.035-0.673 c-0.315-0.315-0.51-0.615-0.673-1.035c-0.123-0.317-0.27-0.794-0.31-1.671C4.631,14.688,4.622,14.403,4.622,12 s0.009-2.688,0.052-3.637c0.04-0.877,0.187-1.354,0.31-1.671c0.163-0.42,0.358-0.72,0.673-1.035 c0.315-0.315,0.615-0.51,1.035-0.673c0.317-0.123,0.794-0.27,1.671-0.31C9.312,4.631,9.597,4.622,12,4.622 M12,3 C9.556,3,9.249,3.01,8.289,3.054C7.331,3.098,6.677,3.25,6.105,3.472C5.513,3.702,5.011,4.01,4.511,4.511 c-0.5,0.5-0.808,1.002-1.038,1.594C3.25,6.677,3.098,7.331,3.054,8.289C3.01,9.249,3,9.556,3,12c0,2.444,0.01,2.751,0.054,3.711 c0.044,0.958,0.196,1.612,0.418,2.185c0.23,0.592,0.538,1.094,1.038,1.594c0.5,0.5,1.002,0.808,1.594,1.038 c0.572,0.222,1.227,0.375,2.185,0.418C9.249,20.99,9.556,21,12,21s2.751-0.01,3.711-0.054c0.958-0.044,1.612-0.196,2.185-0.418 c0.592-0.23,1.094-0.538,1.594-1.038c0.5-0.5,0.808-1.002,1.038-1.594c0.222-0.572,0.375-1.227,0.418-2.185 C20.99,14.751,21,14.444,21,12s-0.01-2.751-0.054-3.711c-0.044-0.958-0.196-1.612-0.418-2.185c-0.23-0.592-0.538-1.094-1.038-1.594 c-0.5-0.5-1.002-0.808-1.594-1.038c-0.572-0.222-1.227-0.375-2.185-0.418C14.751,3.01,14.444,3,12,3L12,3z M12,7.378 c-2.552,0-4.622,2.069-4.622,4.622S9.448,16.622,12,16.622s4.622-2.069,4.622-4.622S14.552,7.378,12,7.378z M12,15 c-1.657,0-3-1.343-3-3s1.343-3,3-3s3,1.343,3,3S13.657,15,12,15z M16.804,6.116c-0.596,0-1.08,0.484-1.08,1.08 s0.484,1.08,1.08,1.08c0.596,0,1.08-0.484,1.08-1.08S17.401,6.116,16.804,6.116z\"><\/path><\/svg><span class=\"wp-block-social-link-label screen-reader-text\">Instagram<\/span><\/a><\/li>\n\n<li class=\"wp-social-link wp-social-link-x  wp-block-social-link\"><a href=\"https:\/\/x.com\/Miticpy\" class=\"wp-block-social-link-anchor\"><svg width=\"24\" height=\"24\" viewBox=\"0 0 24 24\" version=\"1.1\" xmlns=\"http:\/\/www.w3.org\/2000\/svg\" aria-hidden=\"true\" focusable=\"false\"><path d=\"M13.982 10.622 20.54 3h-1.554l-5.693 6.618L8.745 3H3.5l6.876 10.007L3.5 21h1.554l6.012-6.989L15.868 21h5.245l-7.131-10.378Zm-2.128 2.474-.697-.997-5.543-7.93H8l4.474 6.4.697.996 5.815 8.318h-2.387l-4.745-6.787Z\" \/><\/svg><span class=\"wp-block-social-link-label screen-reader-text\">X<\/span><\/a><\/li>\n\n<li class=\"wp-social-link wp-social-link-youtube  wp-block-social-link\"><a href=\"https:\/\/www.youtube.com\/user\/SENATICspy\" class=\"wp-block-social-link-anchor\"><svg width=\"24\" height=\"24\" viewBox=\"0 0 24 24\" version=\"1.1\" xmlns=\"http:\/\/www.w3.org\/2000\/svg\" aria-hidden=\"true\" focusable=\"false\"><path d=\"M21.8,8.001c0,0-0.195-1.378-0.795-1.985c-0.76-0.797-1.613-0.801-2.004-0.847c-2.799-0.202-6.997-0.202-6.997-0.202 h-0.009c0,0-4.198,0-6.997,0.202C4.608,5.216,3.756,5.22,2.995,6.016C2.395,6.623,2.2,8.001,2.2,8.001S2,9.62,2,11.238v1.517 c0,1.618,0.2,3.237,0.2,3.237s0.195,1.378,0.795,1.985c0.761,0.797,1.76,0.771,2.205,0.855c1.6,0.153,6.8,0.201,6.8,0.201 s4.203-0.006,7.001-0.209c0.391-0.047,1.243-0.051,2.004-0.847c0.6-0.607,0.795-1.985,0.795-1.985s0.2-1.618,0.2-3.237v-1.517 C22,9.62,21.8,8.001,21.8,8.001z M9.935,14.594l-0.001-5.62l5.404,2.82L9.935,14.594z\"><\/path><\/svg><span class=\"wp-block-social-link-label screen-reader-text\">YouTube<\/span><\/a><\/li>\n\n<li class=\"wp-social-link wp-social-link-flickr  wp-block-social-link\"><a href=\"https:\/\/www.flickr.com\/people\/124133727@N02\/\" class=\"wp-block-social-link-anchor\"><svg width=\"24\" height=\"24\" viewBox=\"0 0 24 24\" version=\"1.1\" xmlns=\"http:\/\/www.w3.org\/2000\/svg\" aria-hidden=\"true\" focusable=\"false\"><path d=\"M6.5,7c-2.75,0-5,2.25-5,5s2.25,5,5,5s5-2.25,5-5S9.25,7,6.5,7z M17.5,7c-2.75,0-5,2.25-5,5s2.25,5,5,5s5-2.25,5-5 S20.25,7,17.5,7z\"><\/path><\/svg><span class=\"wp-block-social-link-label screen-reader-text\">Flickr<\/span><\/a><\/li><\/ul>\n","protected":false},"excerpt":{"rendered":"<p>\ud835\udc00\ud835\udc0f\ud835\udc04\ud835\udc11\ud835\udc13\ud835\udc14\ud835\udc11\ud835\udc00 \ud835\udc03\ud835\udc04\ud835\udc0b \ud835\udc0f\ud835\udc11\ud835\udc0e\ud835\udc06\ud835\udc11\ud835\udc00\ud835\udc0c\ud835\udc00 \ud835\udc03\ud835\udc04 \ud835\udc04\ud835\udc12\ud835\udc0f\ud835\udc04\ud835\udc02\ud835\udc08\ud835\udc00\ud835\udc0b\ud835\udc08\ud835\udc19\ud835\udc00\ud835\udc02\ud835\udc08\ud835\udc0e\u0301\ud835\udc0d \ud835\udc04\ud835\udc0d \ud835\udc07\ud835\udc08\ud835\udc12\ud835\udc13\ud835\udc0e\ud835\udc11\ud835\udc08\ud835\udc00 \ud835\udc0d\ud835\udc00\ud835\udc02\ud835\udc08\ud835\udc0e\ud835\udc0d\ud835\udc00\ud835\udc0b. &nbsp;El d\u00eda viernes 21 de marzo en el sal\u00f3n auditorio \u201cAviadores del Chaco\u201d del Comando de Institutos Aeron\u00e1uticos de Ense\u00f1anza (CIAERE), se llev\u00f3 a cabo la Ceremonia de apertura del Programa de Especializaci\u00f3n en Historia Nacional A\u00f1o 2025. &nbsp;Presidi\u00f3 la ceremonia el Se\u00f1or Comandante de la Fuerza [&hellip;]<\/p>\n","protected":false},"author":1,"featured_media":540,"comment_status":"closed","ping_status":"closed","sticky":false,"template":"","format":"standard","meta":{"footnotes":""},"categories":[1],"tags":[],"class_list":["post-524","post","type-post","status-publish","format-standard","has-post-thumbnail","hentry","category-sin-categoria"],"_links":{"self":[{"href":"https:\/\/ffmm.mil.py\/fuerzaaerea\/wp-json\/wp\/v2\/posts\/524","targetHints":{"allow":["GET"]}}],"collection":[{"href":"https:\/\/ffmm.mil.py\/fuerzaaerea\/wp-json\/wp\/v2\/posts"}],"about":[{"href":"https:\/\/ffmm.mil.py\/fuerzaaerea\/wp-json\/wp\/v2\/types\/post"}],"author":[{"embeddable":true,"href":"https:\/\/ffmm.mil.py\/fuerzaaerea\/wp-json\/wp\/v2\/users\/1"}],"replies":[{"embeddable":true,"href":"https:\/\/ffmm.mil.py\/fuerzaaerea\/wp-json\/wp\/v2\/comments?post=524"}],"version-history":[{"count":2,"href":"https:\/\/ffmm.mil.py\/fuerzaaerea\/wp-json\/wp\/v2\/posts\/524\/revisions"}],"predecessor-version":[{"id":541,"href":"https:\/\/ffmm.mil.py\/fuerzaaerea\/wp-json\/wp\/v2\/posts\/524\/revisions\/541"}],"wp:featuredmedia":[{"embeddable":true,"href":"https:\/\/ffmm.mil.py\/fuerzaaerea\/wp-json\/wp\/v2\/media\/540"}],"wp:attachment":[{"href":"https:\/\/ffmm.mil.py\/fuerzaaerea\/wp-json\/wp\/v2\/media?parent=524"}],"wp:term":[{"taxonomy":"category","embeddable":true,"href":"https:\/\/ffmm.mil.py\/fuerzaaerea\/wp-json\/wp\/v2\/categories?post=524"},{"taxonomy":"post_tag","embeddable":true,"href":"https:\/\/ffmm.mil.py\/fuerzaaerea\/wp-json\/wp\/v2\/tags?post=524"}],"curies":[{"name":"wp","href":"https:\/\/api.w.org\/{rel}","templated":true}]}}